{"id":11638,"date":"2022-02-09T15:07:41","date_gmt":"2022-02-09T20:07:41","guid":{"rendered":"https:\/\/www.derechoshumanos.gob.ec\/?p=11638"},"modified":"2022-02-09T15:07:42","modified_gmt":"2022-02-09T20:07:42","slug":"mas-de-100-servidores-publicos-participan-del-primer-taller-fortalecimiento-de-capacidades-desde-la-perspectiva-de-genero-para-gobiernos-autonomos-descentralizados-municipales","status":"publish","type":"post","link":"https:\/\/www.ministeriodegobierno.gob.ec\/derechoshumanos\/2022\/02\/09\/mas-de-100-servidores-publicos-participan-del-primer-taller-fortalecimiento-de-capacidades-desde-la-perspectiva-de-genero-para-gobiernos-autonomos-descentralizados-municipales\/","title":{"rendered":"M\u00e1s de 100 servidores p\u00fablicos participan del primer Taller \u201cFortalecimiento de capacidades desde la perspectiva de g\u00e9nero para Gobiernos Aut\u00f3nomos Descentralizados Municipales\u201d"},"content":{"rendered":"\n<p class=\"wp-block-paragraph\">Este mi\u00e9rcoles 09 de febrero de 2022, inici\u00f3 el primer Taller de \u201cFortalecimiento de capacidades desde la perspectiva de g\u00e9nero para Gobiernos Aut\u00f3nomos Descentralizados Municipales\u201d, organizado por la Secretar\u00eda de Derechos Humanos, el Ministerio del Trabajo y el Consejo Nacional de Competencias, con el objetivo de promover el cambio de patrones socioculturales vinculados a la naturalizaci\u00f3n de la violencia basada en g\u00e9nero en el \u00e1mbito laboral, priorizando procesos de sensibilizaci\u00f3n, promoci\u00f3n y capacitaci\u00f3n.&nbsp;<\/p>\n\n\n\n<p class=\"wp-block-paragraph\">En este primer taller que se desarrollar\u00e1 los d\u00edas mi\u00e9rcoles 9, 16 y 23 de febrero,&nbsp; participan m\u00e1s de 100 servidores p\u00fablicos de las Direcciones de Seguridad, Agentes Municipales y Cuerpos de Bomberos de los Gobiernos Aut\u00f3nomos Descentralizados Municipales de la Zona 1 que est\u00e1 intregrada por las provincias de Esmeraldas, Carchi, Imbabura y Sucumb\u00edos.<\/p>\n\n\n\n<p class=\"wp-block-paragraph\">\u201cHemos preparado un ciclo de eventos a lo largo del 2022 con el objetivo de incrementar las capacidades instiucionales de los Municipios\u201d se\u00f1al\u00f3 Sebasti\u00e1n Arias, Secretario Ejecutivo del Consejo Nacional de Competencias.<\/p>\n\n\n\n<p class=\"wp-block-paragraph\">Por su parte, Emilia Cisneros, Subsecreatria de la Secretar\u00eda de Derechos Humanos, enfatiz\u00f3 que \u201ccambiar los patrones socio culturales asociados a la violencia de g\u00e9nero es uno de los restos que debemos lograr como sociedad para garantizar una vida libre de violencia\u201d.<\/p>\n\n\n\n<p class=\"wp-block-paragraph\">Patricio Donoso Chiriboga, Ministro del Trabajo, destac\u00f3 que \u201cestamos comprometidos en prevenir y eliminar la violencia y acoso enlos ambientes laborales. Estamos&nbsp; tomando acciones frente a las desigualdes de g\u00e9nero, les agradecemos por su participaci\u00f3n en este taller, todos podemos a contribuir a contar con espacios inclusivos, solidarios y sobre todo libres de toda forma de violencia\u201d<\/p>\n\n\n\n<p class=\"wp-block-paragraph\">Los talleres continuar\u00e1n hasta el mes de agosto, de acuerdo al cronograma zonal. Si desean formar parte pueden inscribirse en el link&nbsp;<a href=\"https:\/\/bit.ly\/3AAxTyf\"><strong>https:\/\/bit.ly\/3AAxTyf<\/strong><\/a><\/p>\n","protected":false},"excerpt":{"rendered":"<p class=\"excerpt\">Este mi\u00e9rcoles 09 de febrero de 2022, inici\u00f3 el primer Taller de \u201cFortalecimiento de capacidades desde la perspectiva de g\u00e9nero para Gobiernos Aut\u00f3nomos Descentralizados Municipales\u201d, organizado por la Secretar\u00eda de Derechos Humanos, el Ministerio del Trabajo y el Consejo Nacional de Competencias, con el objetivo de promover el cambio de patrones socioculturales vinculados a la naturalizaci\u00f3n de la violencia basada&hellip; <a href=\"https:\/\/www.ministeriodegobierno.gob.ec\/derechoshumanos\/2022\/02\/09\/mas-de-100-servidores-publicos-participan-del-primer-taller-fortalecimiento-de-capacidades-desde-la-perspectiva-de-genero-para-gobiernos-autonomos-descentralizados-municipales\/\">Read more &rarr;<\/a><\/p>\n","protected":false},"author":6,"featured_media":11641,"comment_status":"closed","ping_status":"closed","sticky":false,"template":"","format":"standard","meta":{"footnotes":""},"categories":[20,5,6],"tags":[],"class_list":["post-11638","post","type-post","status-publish","format-standard","has-post-thumbnail","hentry","category-boletin-de-prensa","category-noticias","category-noticias-destacadas","xfolkentry"],"_links":{"self":[{"href":"https:\/\/www.ministeriodegobierno.gob.ec\/derechoshumanos\/wp-json\/wp\/v2\/posts\/11638","targetHints":{"allow":["GET"]}}],"collection":[{"href":"https:\/\/www.ministeriodegobierno.gob.ec\/derechoshumanos\/wp-json\/wp\/v2\/posts"}],"about":[{"href":"https:\/\/www.ministeriodegobierno.gob.ec\/derechoshumanos\/wp-json\/wp\/v2\/types\/post"}],"author":[{"embeddable":true,"href":"https:\/\/www.ministeriodegobierno.gob.ec\/derechoshumanos\/wp-json\/wp\/v2\/users\/6"}],"replies":[{"embeddable":true,"href":"https:\/\/www.ministeriodegobierno.gob.ec\/derechoshumanos\/wp-json\/wp\/v2\/comments?post=11638"}],"version-history":[{"count":1,"href":"https:\/\/www.ministeriodegobierno.gob.ec\/derechoshumanos\/wp-json\/wp\/v2\/posts\/11638\/revisions"}],"predecessor-version":[{"id":11642,"href":"https:\/\/www.ministeriodegobierno.gob.ec\/derechoshumanos\/wp-json\/wp\/v2\/posts\/11638\/revisions\/11642"}],"wp:featuredmedia":[{"embeddable":true,"href":"https:\/\/www.ministeriodegobierno.gob.ec\/derechoshumanos\/wp-json\/wp\/v2\/media\/11641"}],"wp:attachment":[{"href":"https:\/\/www.ministeriodegobierno.gob.ec\/derechoshumanos\/wp-json\/wp\/v2\/media?parent=11638"}],"wp:term":[{"taxonomy":"category","embeddable":true,"href":"https:\/\/www.ministeriodegobierno.gob.ec\/derechoshumanos\/wp-json\/wp\/v2\/categories?post=11638"},{"taxonomy":"post_tag","embeddable":true,"href":"https:\/\/www.ministeriodegobierno.gob.ec\/derechoshumanos\/wp-json\/wp\/v2\/tags?post=11638"}],"curies":[{"name":"wp","href":"https:\/\/api.w.org\/{rel}","templated":true}]}}