{"id":11660,"date":"2022-02-09T18:37:19","date_gmt":"2022-02-09T23:37:19","guid":{"rendered":"https:\/\/www.derechoshumanos.gob.ec\/?p=11660"},"modified":"2022-02-09T18:37:20","modified_gmt":"2022-02-09T23:37:20","slug":"en-loja-capacitacion-al-personal-de-la-policia-nacional-a-traves-del-servicio-de-proteccion-integral","status":"publish","type":"post","link":"https:\/\/www.ministeriodegobierno.gob.ec\/derechoshumanos\/2022\/02\/09\/en-loja-capacitacion-al-personal-de-la-policia-nacional-a-traves-del-servicio-de-proteccion-integral\/","title":{"rendered":"En Loja: Capacitaci\u00f3n al personal de la Polic\u00eda Nacional a trav\u00e9s del Servicio de Protecci\u00f3n Integral"},"content":{"rendered":"\n<p class=\"wp-block-paragraph\"><\/p>\n\n\n\n<p class=\"wp-block-paragraph\"><strong>Loja.-<\/strong> La Secretar\u00eda de Derechos Humanos, la Oficina T\u00e9cnica 7, a trav\u00e9s del Servicio de Protecci\u00f3n Integral, brind\u00f3 el taller \u201cSensibilizaci\u00f3n en temas de prevenci\u00f3n de violencia\u201d, dirigido al personal de la Polic\u00eda Nacional de Loja, en coordinaci\u00f3n con Unidad de Investigaci\u00f3n contra la Violencia de G\u00e9nero, Mujer o miembro del N\u00facleo Familiar (UNIVIF) y esta Cartera de Estado.<\/p>\n\n\n\n<p class=\"wp-block-paragraph\">El objetivo fundamental del taller fue la sensibilizaci\u00f3n a los servidores policiales en hechos de violencia, conociendo sus tipos dentro de la Ley de Prevenci\u00f3n y Erradicaci\u00f3n de las violencias; su actuaci\u00f3n de acuerdo a los enfoques y principios de atenci\u00f3n y, finalmente, el c\u00edrculo de violencia, micro machismos y estigmas.<\/p>\n\n\n\n<p class=\"wp-block-paragraph\">Soph\u00eda Cueva Mej\u00eda, Coordinadora de Oficina T\u00e9cnica Zonal 7, indic\u00f3: \u201cComo instituciones debemos trabajar en conjunto para mejorar y brindar una atenci\u00f3n oportuna y eficaz a las v\u00edctimas de violencia. Es muy importante seguir articulando de forma interinstitucional estos talleres, generando un mejor servicio a nuestra sociedad\u201d.<\/p>\n\n\n\n<p class=\"wp-block-paragraph\">La capacitaci\u00f3n se realiz\u00f3 en el Auditorio del Comando de la Polic\u00eda Nacional con las medidas de bioseguridad y el aforo pertinente, con la presencia de 20 servidores policiales, que son personal de primera l\u00ednea en la atenci\u00f3n de casos de violencia, es decir, quienes tienen el primer contacto con la v\u00edctima.<\/p>\n\n\n\n<p class=\"wp-block-paragraph\">Estos talleres se seguir\u00e1n ejecutando e impartir\u00e1n en las siguientes semanas a m\u00e1s grupos del personal de la Polic\u00eda Nacional de Loja.<\/p>\n","protected":false},"excerpt":{"rendered":"<p class=\"excerpt\">Loja.- La Secretar\u00eda de Derechos Humanos, la Oficina T\u00e9cnica 7, a trav\u00e9s del Servicio de Protecci\u00f3n Integral, brind\u00f3 el taller \u201cSensibilizaci\u00f3n en temas de prevenci\u00f3n de violencia\u201d, dirigido al personal de la Polic\u00eda Nacional de Loja, en coordinaci\u00f3n con Unidad de Investigaci\u00f3n contra la Violencia de G\u00e9nero, Mujer o miembro del N\u00facleo Familiar (UNIVIF) y esta Cartera de Estado. El&hellip; <a href=\"https:\/\/www.ministeriodegobierno.gob.ec\/derechoshumanos\/2022\/02\/09\/en-loja-capacitacion-al-personal-de-la-policia-nacional-a-traves-del-servicio-de-proteccion-integral\/\">Read more &rarr;<\/a><\/p>\n","protected":false},"author":6,"featured_media":11661,"comment_status":"closed","ping_status":"closed","sticky":false,"template":"","format":"standard","meta":{"footnotes":""},"categories":[20,5,6],"tags":[],"class_list":["post-11660","post","type-post","status-publish","format-standard","has-post-thumbnail","hentry","category-boletin-de-prensa","category-noticias","category-noticias-destacadas","xfolkentry"],"_links":{"self":[{"href":"https:\/\/www.ministeriodegobierno.gob.ec\/derechoshumanos\/wp-json\/wp\/v2\/posts\/11660","targetHints":{"allow":["GET"]}}],"collection":[{"href":"https:\/\/www.ministeriodegobierno.gob.ec\/derechoshumanos\/wp-json\/wp\/v2\/posts"}],"about":[{"href":"https:\/\/www.ministeriodegobierno.gob.ec\/derechoshumanos\/wp-json\/wp\/v2\/types\/post"}],"author":[{"embeddable":true,"href":"https:\/\/www.ministeriodegobierno.gob.ec\/derechoshumanos\/wp-json\/wp\/v2\/users\/6"}],"replies":[{"embeddable":true,"href":"https:\/\/www.ministeriodegobierno.gob.ec\/derechoshumanos\/wp-json\/wp\/v2\/comments?post=11660"}],"version-history":[{"count":1,"href":"https:\/\/www.ministeriodegobierno.gob.ec\/derechoshumanos\/wp-json\/wp\/v2\/posts\/11660\/revisions"}],"predecessor-version":[{"id":11662,"href":"https:\/\/www.ministeriodegobierno.gob.ec\/derechoshumanos\/wp-json\/wp\/v2\/posts\/11660\/revisions\/11662"}],"wp:featuredmedia":[{"embeddable":true,"href":"https:\/\/www.ministeriodegobierno.gob.ec\/derechoshumanos\/wp-json\/wp\/v2\/media\/11661"}],"wp:attachment":[{"href":"https:\/\/www.ministeriodegobierno.gob.ec\/derechoshumanos\/wp-json\/wp\/v2\/media?parent=11660"}],"wp:term":[{"taxonomy":"category","embeddable":true,"href":"https:\/\/www.ministeriodegobierno.gob.ec\/derechoshumanos\/wp-json\/wp\/v2\/categories?post=11660"},{"taxonomy":"post_tag","embeddable":true,"href":"https:\/\/www.ministeriodegobierno.gob.ec\/derechoshumanos\/wp-json\/wp\/v2\/tags?post=11660"}],"curies":[{"name":"wp","href":"https:\/\/api.w.org\/{rel}","templated":true}]}}