{"id":11666,"date":"2022-02-15T14:14:43","date_gmt":"2022-02-15T19:14:43","guid":{"rendered":"https:\/\/www.derechoshumanos.gob.ec\/?p=11666"},"modified":"2022-02-15T14:14:44","modified_gmt":"2022-02-15T19:14:44","slug":"arranca-tercera-fase-de-vacunacion-en-el-corazon-del-yasuni","status":"publish","type":"post","link":"https:\/\/www.ministeriodegobierno.gob.ec\/derechoshumanos\/2022\/02\/15\/arranca-tercera-fase-de-vacunacion-en-el-corazon-del-yasuni\/","title":{"rendered":"Arranca tercera fase de vacunaci\u00f3n en el coraz\u00f3n del Yasun\u00ed"},"content":{"rendered":"\n<p class=\"wp-block-paragraph\"><\/p>\n\n\n\n<p class=\"wp-block-paragraph\"><strong>Quito<\/strong>.- La Secretar\u00eda de Derechos Humanos (SDH) anunci\u00f3 hoy que este mi\u00e9rcoles, jueves y viernes se vacunar\u00e1 con la tercera dosis a 110 personas de siete comunidades que viven en la Zona Intangible Tagaeri Taromenane, para lo cual la log\u00edstica para llegar se hace por canoa, en jornadas de m\u00e1s de diez horas para llegar a cada uno de los puntos.<\/p>\n\n\n\n<p class=\"wp-block-paragraph\">Ser\u00e1n vacunados con Aztrazeneca en la tercera dosis, luego de haber sido inoculados con Sinovac en las dos primeras, de acuerdo a recomendaciones del Ministerio de Salud P\u00fablica.<\/p>\n\n\n\n<p class=\"wp-block-paragraph\">Danilo Quijo, Director de Monitoreo y Seguimiento a la Protecci\u00f3n de Pueblos Ind\u00edgenas en Aislamiento Voluntario (PIAV), se\u00f1al\u00f3 que la Secretar\u00eda coordina y ejecuta las medidas de protecci\u00f3n para los Pueblos Ind\u00edgenas en Aislamiento Voluntario (PIAV) de manera articulada con organizaciones e institucionales, de acuerdo al decreto ejecutivo 216, del 2 de octubre de 2021, y en esa medida, act\u00faa con el Ministerio de Salud P\u00fablica y la Nacionalidad Waorani para este tema concreto.<\/p>\n\n\n\n<p class=\"wp-block-paragraph\">La t\u00e9cnica territorial Cahuo Boya, explic\u00f3 que mantiene visitas peri\u00f3dicas a las comunidades y con esto se facilita el di\u00e1logo para un monitoreo efectivo de los Pueblos en Aislamiento Voluntario. Se refiri\u00f3 a que la vacunaci\u00f3n se ha enmarcado dentro de consultas y aceptaci\u00f3n, proceso en que los Waorani han identificado las ventajas de recibir la vacuna.<\/p>\n\n\n\n<p class=\"wp-block-paragraph\"><strong>El Dato:<\/strong><\/p>\n\n\n\n<ul class=\"wp-block-list\"><li>Los 110 integrantes de las comunidades de \u00d1oneno, Guemeneweno, Cononaco Chico, Omere, Omakaweno, Boanamo y Bameno, en la Zona Intangible.<\/li><li>En esta ocasi\u00f3n, se iniciar\u00e1 la vacunaci\u00f3n a ni\u00f1os y ni\u00f1as con la primera dosis, previa aceptaci\u00f3n de sus familias.<\/li><li>\u201c<em>La vacunaci\u00f3n es muy importante para toda la familia Wao. A m\u00ed no me dej\u00f3 ni huella y me siento protegida\u201d, <\/em>Cahuo Boya, t\u00e9cnica territorial de la Nacionalidad Waorani, de la Secretar\u00eda de Derechos Humanos.<\/li><\/ul>\n","protected":false},"excerpt":{"rendered":"<p class=\"excerpt\">Quito.- La Secretar\u00eda de Derechos Humanos (SDH) anunci\u00f3 hoy que este mi\u00e9rcoles, jueves y viernes se vacunar\u00e1 con la tercera dosis a 110 personas de siete comunidades que viven en la Zona Intangible Tagaeri Taromenane, para lo cual la log\u00edstica para llegar se hace por canoa, en jornadas de m\u00e1s de diez horas para llegar a cada uno de los&hellip; <a href=\"https:\/\/www.ministeriodegobierno.gob.ec\/derechoshumanos\/2022\/02\/15\/arranca-tercera-fase-de-vacunacion-en-el-corazon-del-yasuni\/\">Read more &rarr;<\/a><\/p>\n","protected":false},"author":6,"featured_media":11668,"comment_status":"closed","ping_status":"closed","sticky":false,"template":"","format":"standard","meta":{"footnotes":""},"categories":[20,5,6],"tags":[],"class_list":["post-11666","post","type-post","status-publish","format-standard","has-post-thumbnail","hentry","category-boletin-de-prensa","category-noticias","category-noticias-destacadas","xfolkentry"],"_links":{"self":[{"href":"https:\/\/www.ministeriodegobierno.gob.ec\/derechoshumanos\/wp-json\/wp\/v2\/posts\/11666","targetHints":{"allow":["GET"]}}],"collection":[{"href":"https:\/\/www.ministeriodegobierno.gob.ec\/derechoshumanos\/wp-json\/wp\/v2\/posts"}],"about":[{"href":"https:\/\/www.ministeriodegobierno.gob.ec\/derechoshumanos\/wp-json\/wp\/v2\/types\/post"}],"author":[{"embeddable":true,"href":"https:\/\/www.ministeriodegobierno.gob.ec\/derechoshumanos\/wp-json\/wp\/v2\/users\/6"}],"replies":[{"embeddable":true,"href":"https:\/\/www.ministeriodegobierno.gob.ec\/derechoshumanos\/wp-json\/wp\/v2\/comments?post=11666"}],"version-history":[{"count":1,"href":"https:\/\/www.ministeriodegobierno.gob.ec\/derechoshumanos\/wp-json\/wp\/v2\/posts\/11666\/revisions"}],"predecessor-version":[{"id":11669,"href":"https:\/\/www.ministeriodegobierno.gob.ec\/derechoshumanos\/wp-json\/wp\/v2\/posts\/11666\/revisions\/11669"}],"wp:featuredmedia":[{"embeddable":true,"href":"https:\/\/www.ministeriodegobierno.gob.ec\/derechoshumanos\/wp-json\/wp\/v2\/media\/11668"}],"wp:attachment":[{"href":"https:\/\/www.ministeriodegobierno.gob.ec\/derechoshumanos\/wp-json\/wp\/v2\/media?parent=11666"}],"wp:term":[{"taxonomy":"category","embeddable":true,"href":"https:\/\/www.ministeriodegobierno.gob.ec\/derechoshumanos\/wp-json\/wp\/v2\/categories?post=11666"},{"taxonomy":"post_tag","embeddable":true,"href":"https:\/\/www.ministeriodegobierno.gob.ec\/derechoshumanos\/wp-json\/wp\/v2\/tags?post=11666"}],"curies":[{"name":"wp","href":"https:\/\/api.w.org\/{rel}","templated":true}]}}