{"id":11670,"date":"2022-02-15T19:06:14","date_gmt":"2022-02-16T00:06:14","guid":{"rendered":"https:\/\/www.derechoshumanos.gob.ec\/?p=11670"},"modified":"2022-02-15T19:06:15","modified_gmt":"2022-02-16T00:06:15","slug":"ecuador-disena-el-primer-sistema-de-alerta-temprana-y-respuesta-rapida-para-prevenir-la-violencia","status":"publish","type":"post","link":"https:\/\/www.ministeriodegobierno.gob.ec\/derechoshumanos\/2022\/02\/15\/ecuador-disena-el-primer-sistema-de-alerta-temprana-y-respuesta-rapida-para-prevenir-la-violencia\/","title":{"rendered":"Ecuador dise\u00f1a el primer Sistema de Alerta Temprana y Respuesta R\u00e1pida para prevenir la violencia"},"content":{"rendered":"\n<p class=\"wp-block-paragraph\"><\/p>\n\n\n\n<p class=\"wp-block-paragraph\"><strong>Quito<\/strong>.- La Secretar\u00eda de Derechos Humanos (SDH), como ente rector de la pol\u00edtica p\u00fablica en prevenci\u00f3n y erradicaci\u00f3n de la violencia contra las ni\u00f1as y las mujeres, dise\u00f1a el primer Sistema de Alerta Temprana para vulneraci\u00f3n de derechos a pueblos y nacionalidades; ni\u00f1as, ni\u00f1os, adolescentes y mujeres; personas en movilidad humana y frente a desastres naturales, en coordinaci\u00f3n con la Defensor\u00eda del Pueblo y con el apoyo de la Cooperaci\u00f3n T\u00e9cnica Alemana GIZ.<\/p>\n\n\n\n<p class=\"wp-block-paragraph\">El proyecto, primero en su tipo al ser de prevenci\u00f3n, se aplica como piloto en la frontera Norte, en las provincias de Carchi, Imbabura, Esmeraldas y Sucumb\u00edos, en estas dos \u00faltimas se han realizado talleres de socializaci\u00f3n para su implementaci\u00f3n.<\/p>\n\n\n\n<p class=\"wp-block-paragraph\">Este proyecto estrat\u00e9gico fortalece las capacidades del Estado ecuatoriano para prevenir las vulneraciones &nbsp;a los derechos humanos de la poblaci\u00f3n gracias al levantamiento de informaci\u00f3n que establece comportamientos de violencia en los rangos establecidos y as\u00ed poder brindar una respuesta r\u00e1pida.<\/p>\n\n\n\n<p class=\"wp-block-paragraph\">Al respecto, la Secretaria de Derechos Humanos, Bernarda Ord\u00f3\u00f1ez Moscoso, puntualiz\u00f3 que \u201cel femicidio es el \u00fanico delito cien por ciento prevenible y que el SART se constituye en una herramienta en ese enfoque\u201d.<\/p>\n\n\n\n<p class=\"wp-block-paragraph\">En Quito, en esta semana, se cumplen reuniones de coordinaci\u00f3n y seguimiento de cronogramas y establecimiento de compromisos, donde se propondr\u00e1 la estrategia de implementaci\u00f3n; se incorporar\u00e1 un mapeo de actores en apoyo a los grupos priorizados en el SART para formaci\u00f3n, fortalecimiento institucional y desarrollo social e integral; as\u00ed como capacitaci\u00f3n continua a funcionarios p\u00fablicos, privados y de sociedad civil, para el manejo de la herramienta defensorial de derechos humanos, entre otros.<\/p>\n\n\n\n<p class=\"wp-block-paragraph\"><strong>El Dato:<\/strong><\/p>\n\n\n\n<ul class=\"wp-block-list\"><li>La Secretar\u00eda de Derechos Humanos, como ente rector de la pol\u00edtica p\u00fablica en prevenci\u00f3n y erradicaci\u00f3n de la violencia contra ni\u00f1as y mujeres, dise\u00f1a el primer Sistema de Alerta Temprana (SART).<\/li><li>El Sistema permite levantar informaci\u00f3n sobre el comportamiento de la violencia referidos a pueblos y nacionalidades; ni\u00f1as, ni\u00f1os, adolescentes y mujeres; personas en movilidad humana, y generada por desastres naturales.<\/li><li>El Sistema se aplica en plan piloto en la Frontera Norte.<\/li><\/ul>\n","protected":false},"excerpt":{"rendered":"<p class=\"excerpt\">Quito.- La Secretar\u00eda de Derechos Humanos (SDH), como ente rector de la pol\u00edtica p\u00fablica en prevenci\u00f3n y erradicaci\u00f3n de la violencia contra las ni\u00f1as y las mujeres, dise\u00f1a el primer Sistema de Alerta Temprana para vulneraci\u00f3n de derechos a pueblos y nacionalidades; ni\u00f1as, ni\u00f1os, adolescentes y mujeres; personas en movilidad humana y frente a desastres naturales, en coordinaci\u00f3n con la&hellip; <a href=\"https:\/\/www.ministeriodegobierno.gob.ec\/derechoshumanos\/2022\/02\/15\/ecuador-disena-el-primer-sistema-de-alerta-temprana-y-respuesta-rapida-para-prevenir-la-violencia\/\">Read more &rarr;<\/a><\/p>\n","protected":false},"author":6,"featured_media":11671,"comment_status":"closed","ping_status":"closed","sticky":false,"template":"","format":"standard","meta":{"footnotes":""},"categories":[20,5,6],"tags":[],"class_list":["post-11670","post","type-post","status-publish","format-standard","has-post-thumbnail","hentry","category-boletin-de-prensa","category-noticias","category-noticias-destacadas","xfolkentry"],"_links":{"self":[{"href":"https:\/\/www.ministeriodegobierno.gob.ec\/derechoshumanos\/wp-json\/wp\/v2\/posts\/11670","targetHints":{"allow":["GET"]}}],"collection":[{"href":"https:\/\/www.ministeriodegobierno.gob.ec\/derechoshumanos\/wp-json\/wp\/v2\/posts"}],"about":[{"href":"https:\/\/www.ministeriodegobierno.gob.ec\/derechoshumanos\/wp-json\/wp\/v2\/types\/post"}],"author":[{"embeddable":true,"href":"https:\/\/www.ministeriodegobierno.gob.ec\/derechoshumanos\/wp-json\/wp\/v2\/users\/6"}],"replies":[{"embeddable":true,"href":"https:\/\/www.ministeriodegobierno.gob.ec\/derechoshumanos\/wp-json\/wp\/v2\/comments?post=11670"}],"version-history":[{"count":1,"href":"https:\/\/www.ministeriodegobierno.gob.ec\/derechoshumanos\/wp-json\/wp\/v2\/posts\/11670\/revisions"}],"predecessor-version":[{"id":11672,"href":"https:\/\/www.ministeriodegobierno.gob.ec\/derechoshumanos\/wp-json\/wp\/v2\/posts\/11670\/revisions\/11672"}],"wp:featuredmedia":[{"embeddable":true,"href":"https:\/\/www.ministeriodegobierno.gob.ec\/derechoshumanos\/wp-json\/wp\/v2\/media\/11671"}],"wp:attachment":[{"href":"https:\/\/www.ministeriodegobierno.gob.ec\/derechoshumanos\/wp-json\/wp\/v2\/media?parent=11670"}],"wp:term":[{"taxonomy":"category","embeddable":true,"href":"https:\/\/www.ministeriodegobierno.gob.ec\/derechoshumanos\/wp-json\/wp\/v2\/categories?post=11670"},{"taxonomy":"post_tag","embeddable":true,"href":"https:\/\/www.ministeriodegobierno.gob.ec\/derechoshumanos\/wp-json\/wp\/v2\/tags?post=11670"}],"curies":[{"name":"wp","href":"https:\/\/api.w.org\/{rel}","templated":true}]}}