{"id":11700,"date":"2022-02-21T10:21:53","date_gmt":"2022-02-21T15:21:53","guid":{"rendered":"https:\/\/www.derechoshumanos.gob.ec\/?p=11700"},"modified":"2022-02-21T10:27:20","modified_gmt":"2022-02-21T15:27:20","slug":"ecuador-presenta-la-primera-politica-publica-del-sistema-de-rehabilitacion-social-con-enfoque-de-derechos-humanos","status":"publish","type":"post","link":"https:\/\/www.ministeriodegobierno.gob.ec\/derechoshumanos\/2022\/02\/21\/ecuador-presenta-la-primera-politica-publica-del-sistema-de-rehabilitacion-social-con-enfoque-de-derechos-humanos\/","title":{"rendered":"Ecuador presenta la primera pol\u00edtica p\u00fablica del Sistema de Rehabilitaci\u00f3n Social con enfoque de Derechos Humanos"},"content":{"rendered":"\n<p class=\"wp-block-paragraph\"><\/p>\n\n\n\n<p class=\"wp-block-paragraph\"><strong>Quito, Ecuador.- <\/strong>El Directorio del Organismo T\u00e9cnico de Sistema Nacional de Rehabilitaci\u00f3n Social aprob\u00f3 un\u00e1nimemente la primera pol\u00edtica p\u00fablica de Rehabilitaci\u00f3n Social con enfoque de Derechos Humanos, misma que ser\u00e1 entregada hoy al Presidente de la Rep\u00fablica, Guillermo Lasso y a todo el pa\u00eds.<\/p>\n\n\n\n<p class=\"wp-block-paragraph\">Al respecto la Secretaria de Derechos Humanos, Bernarda Ord\u00f3\u00f1ez Moscoso, como Presidenta del Directorio del Organismo T\u00e9cnico se\u00f1al\u00f3 que: \u00abla construcci\u00f3n de la pol\u00edtica p\u00fablica consisti\u00f3 en un proceso participativo con diversos actores, se realizaron 6 reuniones de la Mesa T\u00e9cnica del Sistema Nacional de Rehabilitaci\u00f3n, 32 reuniones bilaterales con los integrantes del Directorio del Organismo T\u00e9cnico, 20 reuniones con 40 organizaciones sociales y referentes de la academia, 9 visitas a Centros de Privaci\u00f3n de Libertad y Centros de Adolescentes Infractores o Reuniones constantes con 2600 personas privadas de libertad (PPL) y sus familiares\u201d.<\/p>\n\n\n\n<p class=\"wp-block-paragraph\">El Defensor del Pueblo (e), C\u00e9sar C\u00f3rdova, destac\u00f3 que esta pol\u00edtica p\u00fablica recopil\u00f3 informaci\u00f3n desde varios sectores: p\u00fablico, organizaciones de la sociedad civil, academia, familiares de las PPL y las mismas personas privadas de libertad. \u201cY as\u00ed evitar lo que sucedi\u00f3 en aquella pol\u00edtica p\u00fablica de mayo del 2021 que no fue aprobada, que por cumplir con esos tiempos pol\u00edticos esta no fue adecuada para enfrentar como crisis penitenciaria existente desde hace muchos a\u00f1os atr\u00e1s.\u201d<\/p>\n\n\n\n<p class=\"wp-block-paragraph\">Patricio Donoso, Ministro del Trabajo, mencion\u00f3 que es un tema complicado y delicado pero el Gobierno del Encuentro le ha prestado la atenci\u00f3n necesaria y que por eso brindar\u00e1 el mejor contingente para la implementaci\u00f3n de esta pol\u00edtica p\u00fablica.<\/p>\n\n\n\n<p class=\"wp-block-paragraph\">Mar\u00eda Brown, Ministra de Educaci\u00f3n, felicit\u00f3 el liderazgo de Bernarda Ord\u00f3\u00f1ez Moscoso y resalt\u00f3 el trabajo del equipo t\u00e9cnico del Directorio para garantizar los derechos de las personas privadas de libertad y el camino para su rehabilitaci\u00f3n social y reinserci\u00f3n social.<\/p>\n\n\n\n<p class=\"wp-block-paragraph\">Por su parte, Mar\u00eda Elena Machuca, Ministra de Cultura y Patrimonio, se comprometi\u00f3 para que la cultura y arte llegue a todas las PPL, \u201ces nuestro compromiso y lo hacemos con mucho orgullo\u201d, manifest\u00f3.<\/p>\n\n\n\n<p class=\"wp-block-paragraph\">Es importante resaltar que en esta pol\u00edtica p\u00fablica se considera a las personas privadas de libertad como un grupo de atenci\u00f3n prioritaria, por eso se enmarca en realizar acciones urgentes que permitan una verdadera rehabilitaci\u00f3n social as\u00ed como una efectiva reinserci\u00f3n social, para esto se trabaj\u00f3 directamente con las PPL, para conocer sus necesidades, adem\u00e1s se realiz\u00f3 una caracterizaci\u00f3n, es decir el perfil de una PPL, para de esta forma solventar las carencias que tiene el Sistema de Rehabilitaci\u00f3n actual.<\/p>\n\n\n\n<p class=\"wp-block-paragraph\">El documento consta de 12 ejes, 65 dimensiones y 308 l\u00edneas de acci\u00f3n que han sido validados por los integrantes del Directorio del Organismo T\u00e9cnico e instituciones internacionales como Naciones Unidas contra la Droga y el Delito y cuenta con un presupuesto aproximadamente de 26 millones de d\u00f3lares, que ha sido priorizado por fases y de acuerdo a las necesidades m\u00e1s latentes.<\/p>\n\n\n\n<p class=\"wp-block-paragraph\">Con la entrega de esta pol\u00edtica p\u00fablica el Directorio del Organismo T\u00e9cnica prev\u00e9 una segunda oportunidad para las personas privadas de libertad que en muchos casos no han tenido acceso a ninguna.<\/p>\n\n\n\n<p class=\"wp-block-paragraph\">El Gobierno del Encuentro cumple con el Ecuador, mediante acciones que garanticen los derechos de todas y todos los ecuatorianos.<\/p>\n","protected":false},"excerpt":{"rendered":"<p class=\"excerpt\">Quito, Ecuador.- El Directorio del Organismo T\u00e9cnico de Sistema Nacional de Rehabilitaci\u00f3n Social aprob\u00f3 un\u00e1nimemente la primera pol\u00edtica p\u00fablica de Rehabilitaci\u00f3n Social con enfoque de Derechos Humanos, misma que ser\u00e1 entregada hoy al Presidente de la Rep\u00fablica, Guillermo Lasso y a todo el pa\u00eds. Al respecto la Secretaria de Derechos Humanos, Bernarda Ord\u00f3\u00f1ez Moscoso, como Presidenta del Directorio del Organismo&hellip; <a href=\"https:\/\/www.ministeriodegobierno.gob.ec\/derechoshumanos\/2022\/02\/21\/ecuador-presenta-la-primera-politica-publica-del-sistema-de-rehabilitacion-social-con-enfoque-de-derechos-humanos\/\">Read more &rarr;<\/a><\/p>\n","protected":false},"author":6,"featured_media":11701,"comment_status":"closed","ping_status":"closed","sticky":false,"template":"","format":"standard","meta":{"footnotes":""},"categories":[20,5,6],"tags":[],"class_list":["post-11700","post","type-post","status-publish","format-standard","has-post-thumbnail","hentry","category-boletin-de-prensa","category-noticias","category-noticias-destacadas","xfolkentry"],"_links":{"self":[{"href":"https:\/\/www.ministeriodegobierno.gob.ec\/derechoshumanos\/wp-json\/wp\/v2\/posts\/11700","targetHints":{"allow":["GET"]}}],"collection":[{"href":"https:\/\/www.ministeriodegobierno.gob.ec\/derechoshumanos\/wp-json\/wp\/v2\/posts"}],"about":[{"href":"https:\/\/www.ministeriodegobierno.gob.ec\/derechoshumanos\/wp-json\/wp\/v2\/types\/post"}],"author":[{"embeddable":true,"href":"https:\/\/www.ministeriodegobierno.gob.ec\/derechoshumanos\/wp-json\/wp\/v2\/users\/6"}],"replies":[{"embeddable":true,"href":"https:\/\/www.ministeriodegobierno.gob.ec\/derechoshumanos\/wp-json\/wp\/v2\/comments?post=11700"}],"version-history":[{"count":3,"href":"https:\/\/www.ministeriodegobierno.gob.ec\/derechoshumanos\/wp-json\/wp\/v2\/posts\/11700\/revisions"}],"predecessor-version":[{"id":11704,"href":"https:\/\/www.ministeriodegobierno.gob.ec\/derechoshumanos\/wp-json\/wp\/v2\/posts\/11700\/revisions\/11704"}],"wp:featuredmedia":[{"embeddable":true,"href":"https:\/\/www.ministeriodegobierno.gob.ec\/derechoshumanos\/wp-json\/wp\/v2\/media\/11701"}],"wp:attachment":[{"href":"https:\/\/www.ministeriodegobierno.gob.ec\/derechoshumanos\/wp-json\/wp\/v2\/media?parent=11700"}],"wp:term":[{"taxonomy":"category","embeddable":true,"href":"https:\/\/www.ministeriodegobierno.gob.ec\/derechoshumanos\/wp-json\/wp\/v2\/categories?post=11700"},{"taxonomy":"post_tag","embeddable":true,"href":"https:\/\/www.ministeriodegobierno.gob.ec\/derechoshumanos\/wp-json\/wp\/v2\/tags?post=11700"}],"curies":[{"name":"wp","href":"https:\/\/api.w.org\/{rel}","templated":true}]}}