{"id":11706,"date":"2022-02-21T17:36:57","date_gmt":"2022-02-21T22:36:57","guid":{"rendered":"https:\/\/www.derechoshumanos.gob.ec\/?p=11706"},"modified":"2022-02-21T17:41:53","modified_gmt":"2022-02-21T22:41:53","slug":"ecuador-cuenta-por-primera-vez-con-una-politica-publica-de-rehabilitacion-social-con-enfoque-en-derechos-humanos","status":"publish","type":"post","link":"https:\/\/www.ministeriodegobierno.gob.ec\/derechoshumanos\/2022\/02\/21\/ecuador-cuenta-por-primera-vez-con-una-politica-publica-de-rehabilitacion-social-con-enfoque-en-derechos-humanos\/","title":{"rendered":"ECUADOR CUENTA POR PRIMERA VEZ CON UNA POL\u00cdTICA P\u00daBLICA DE REHABILITACI\u00d3N SOCIAL CON ENFOQUE EN DERECHOS HUMANOS"},"content":{"rendered":"\n<p class=\"wp-block-paragraph\"><br><br><strong>Quito, Ecuador. &#8211;<\/strong> \u201cVamos a dignificar las c\u00e1rceles. La vida no termina ah\u00ed; nuestra meta principal es que su permanencia tras las rejas sea el tr\u00e1nsito hacia una vida nueva\u201d; as\u00ed lo afirm\u00f3 la ma\u00f1ana de este lunes 21 de febrero, el presidente de la Rep\u00fablica, Guillermo Lasso, durante la presentaci\u00f3n de la primera Pol\u00edtica P\u00fablica de Rehabilitaci\u00f3n Social del Ecuador con \u00e9nfasis en la promoci\u00f3n de los derechos humanos de las Personas Privadas de Libertad (PPL). Durante este acto, adem\u00e1s, firm\u00f3 un Decreto Ejecutivo para viabilizar el otorgamiento de indultos.<\/p>\n\n\n\n<p class=\"wp-block-paragraph\"><br>En su intervenci\u00f3n, el Mandatario lament\u00f3 que el sistema penitenciario del pa\u00eds con sus 36 centros carcelarios haya permanecido en el olvido durante 15 a\u00f1os, afectando no solo a la correcta rehabilitaci\u00f3n de los internos sino tambi\u00e9n impidiendo el ejercicio de sus derechos humanos. \u201cNo podemos olvidarnos de todos esos ecuatorianos; al contrario, debemos trabajar para que vuelvan con sus familias, con sus hijos, que tengan un trabajo y otra oportunidad en la vida\u201d, sostuvo. Por eso, refiri\u00f3 que la pol\u00edtica busca corregir problemas como el hacinamiento y la violencia interna; al tiempo de impulsar la repatriaci\u00f3n de presos en el extranjero.<br>\u201cCon firmeza y decisi\u00f3n, estamos poniendo orden al descontrol y la violencia (\u2026). Pero no es suficiente, debemos ir m\u00e1s all\u00e1, para construir un verdadero sistema penitenciario. Como caracteriza a nuestro Gobierno, queremos dar soluciones permanentes, con una aut\u00e9ntica e integral rehabilitaci\u00f3n social\u201d, sentenci\u00f3. <\/p>\n\n\n\n<p class=\"wp-block-paragraph\">Adicionalmente, el Jefe de Estado resalt\u00f3 en que la elaboraci\u00f3n de esta propuesta cont\u00f3 con el apoyo de Estados Unidos, Colombia, Uni\u00f3n Europea y la Oficina del Alto Comisionado de las Naciones Unidas para los Derechos Humanos.<\/p>\n\n\n\n<p class=\"wp-block-paragraph\"><br>La nueva pol\u00edtica presentada al pa\u00eds contempla 12 ejes y m\u00e1s de 300 acciones en el sector de trabajo, justicia, educaci\u00f3n, cultura, deporte, asistencia social, derechos humanos, entre otros.<br>Para su ejecuci\u00f3n tendr\u00e1 un presupuesto de aproximadamente USD 27 millones, en una primera fase. Adem\u00e1s, en su construcci\u00f3n participaron 17 instituciones del Estado, 40 organizaciones de la sociedad civil y academia, dos instituciones internacionales, 2.600 personas privadas de libertad y sus familiares, y se realizaron nueve visitas a los Centros de Privaci\u00f3n de Libertad y de Adolescentes Infractores.<\/p>\n\n\n\n<p class=\"wp-block-paragraph\"><br>En este contexto, Lasso realz\u00f3 la labor de la Secretar\u00eda de Derechos Humanos, entidad que ha liderado la consecuci\u00f3n de este instrumento que le dar\u00e1 un giro al sistema carcelario pues, entre otros beneficios, incluye la creaci\u00f3n de carreras t\u00e9cnicas; convenios con empresas para brindar trabajo a los detenidos, programas de desintoxicaci\u00f3n y atenci\u00f3n especial a los j\u00f3venes infractores.<\/p>\n\n\n\n<p class=\"wp-block-paragraph\"><br>Asimismo, contiene mejoras en infraestructura y tecnolog\u00eda, capacitaci\u00f3n de gu\u00edas, un observatorio de las acciones y un censo, \u201calgo muy importante que contiene esta pol\u00edtica es crear un mecanismo de comunicaci\u00f3n con sus familiares y brindar atenci\u00f3n a los hijos de los detenidos\u201d, dijo.<\/p>\n\n\n\n<p class=\"wp-block-paragraph\"><br>Por su parte Bernarda Ord\u00f3\u00f1ez Moscoso, secretaria de Derechos Humanos y presidenta del Directorio del Organismo T\u00e9cnico del Sistema de Rehabilitaci\u00f3n Social ratific\u00f3 la postura inquebrantable del Gobierno del Encuentro de trabajar por los m\u00e1s de 35.000 internos del pa\u00eds.<\/p>\n\n\n\n<p class=\"wp-block-paragraph\"><br>\u201cTodos somos Ecuador y desde un principio planteamos en un solo objetivo que las personas privadas de la libertad tengan una segunda oportunidad para crecer y so\u00f1ar en un proyecto que reivindique sus derechos y garantice una verdadera reinserci\u00f3n social\u201d, expres\u00f3. Con esa premisa, indic\u00f3 que se plante\u00f3 una hoja de ruta que incluye la participaci\u00f3n de cada ministerio con un rol importante a fin de generar cambios reales.<\/p>\n\n\n\n<p class=\"wp-block-paragraph\">A esto, el director General del Servicio Nacional de Atenci\u00f3n Integral a Personas Adultas Privadas de la Libertad y a Adolescentes Infractores del Ecuador (SNAI), General Pablo Ram\u00edrez, detall\u00f3 que la l\u00ednea de trabajo de su cartera de Estado contrarresta, anticipa y previene impactos sobre la seguridad ciudadana; pues se ha trabajado en el fortalecimiento de la institucionalidad y reformas normativas.<\/p>\n\n\n\n<p class=\"wp-block-paragraph\"><br>Durante el evento \u2013como una acci\u00f3n complementaria- el Presidente suscribi\u00f3 el Decreto Ejecutivo n.\u00b0 355 que permitir\u00e1 acelerar los indultos para quienes podr\u00edan acceder a este proceso, pero han seguido detenidos por tr\u00e1mites burocr\u00e1ticos y actos de corrupci\u00f3n de anteriores gobiernos. \u201cCon profundo sentido de responsabilidad firmo este decreto, como una acci\u00f3n de respeto a los derechos humanos de muchas personas privadas de la libertad. (\u2026) El objetivo es reducir el hacinamiento en las c\u00e1rceles, siempre cumpliendo exactamente los requisitos legales que permitan hacerlo\u201d, asegur\u00f3.<\/p>\n\n\n\n<p class=\"wp-block-paragraph\"><br>Finalmente, Jan Jarab, representante para Am\u00e9rica del Sur de la Alta Comisionada de las Naciones Unidas para los Derechos Humanos, ratific\u00f3 el compromiso de su organismo de reconocer a esta poblaci\u00f3n como un grupo vulnerable. Por ello estableci\u00f3 cuatro pilares fundamentales para su atenci\u00f3n: seguridad en los CPL, reducci\u00f3n del hacinamiento, mejorar gesti\u00f3n penitenciaria y mejorar la rehabilitaci\u00f3n social. <\/p>\n\n\n\n<p class=\"wp-block-paragraph\">\u201cSaludamos la decisi\u00f3n del indulto presidencial que hoy se anuncia y que contribuye a la disminuci\u00f3n de la sobrepoblaci\u00f3n del sistema penitenciario y tambi\u00e9n que el Gobierno haya asumido la rehabilitaci\u00f3n social con responsabilidad. Celebramos la voluntad del Presidente de la Rep\u00fablica de financiar implementaci\u00f3n de esta pol\u00edtica p\u00fablica\u201d, concluy\u00f3.<\/p>\n","protected":false},"excerpt":{"rendered":"<p class=\"excerpt\">Quito, Ecuador. &#8211; \u201cVamos a dignificar las c\u00e1rceles. La vida no termina ah\u00ed; nuestra meta principal es que su permanencia tras las rejas sea el tr\u00e1nsito hacia una vida nueva\u201d; as\u00ed lo afirm\u00f3 la ma\u00f1ana de este lunes 21 de febrero, el presidente de la Rep\u00fablica, Guillermo Lasso, durante la presentaci\u00f3n de la primera Pol\u00edtica P\u00fablica de Rehabilitaci\u00f3n Social del&hellip; <a href=\"https:\/\/www.ministeriodegobierno.gob.ec\/derechoshumanos\/2022\/02\/21\/ecuador-cuenta-por-primera-vez-con-una-politica-publica-de-rehabilitacion-social-con-enfoque-en-derechos-humanos\/\">Read more &rarr;<\/a><\/p>\n","protected":false},"author":6,"featured_media":11708,"comment_status":"closed","ping_status":"closed","sticky":false,"template":"","format":"standard","meta":{"footnotes":""},"categories":[20,5,6],"tags":[],"class_list":["post-11706","post","type-post","status-publish","format-standard","has-post-thumbnail","hentry","category-boletin-de-prensa","category-noticias","category-noticias-destacadas","xfolkentry"],"_links":{"self":[{"href":"https:\/\/www.ministeriodegobierno.gob.ec\/derechoshumanos\/wp-json\/wp\/v2\/posts\/11706","targetHints":{"allow":["GET"]}}],"collection":[{"href":"https:\/\/www.ministeriodegobierno.gob.ec\/derechoshumanos\/wp-json\/wp\/v2\/posts"}],"about":[{"href":"https:\/\/www.ministeriodegobierno.gob.ec\/derechoshumanos\/wp-json\/wp\/v2\/types\/post"}],"author":[{"embeddable":true,"href":"https:\/\/www.ministeriodegobierno.gob.ec\/derechoshumanos\/wp-json\/wp\/v2\/users\/6"}],"replies":[{"embeddable":true,"href":"https:\/\/www.ministeriodegobierno.gob.ec\/derechoshumanos\/wp-json\/wp\/v2\/comments?post=11706"}],"version-history":[{"count":3,"href":"https:\/\/www.ministeriodegobierno.gob.ec\/derechoshumanos\/wp-json\/wp\/v2\/posts\/11706\/revisions"}],"predecessor-version":[{"id":11712,"href":"https:\/\/www.ministeriodegobierno.gob.ec\/derechoshumanos\/wp-json\/wp\/v2\/posts\/11706\/revisions\/11712"}],"wp:featuredmedia":[{"embeddable":true,"href":"https:\/\/www.ministeriodegobierno.gob.ec\/derechoshumanos\/wp-json\/wp\/v2\/media\/11708"}],"wp:attachment":[{"href":"https:\/\/www.ministeriodegobierno.gob.ec\/derechoshumanos\/wp-json\/wp\/v2\/media?parent=11706"}],"wp:term":[{"taxonomy":"category","embeddable":true,"href":"https:\/\/www.ministeriodegobierno.gob.ec\/derechoshumanos\/wp-json\/wp\/v2\/categories?post=11706"},{"taxonomy":"post_tag","embeddable":true,"href":"https:\/\/www.ministeriodegobierno.gob.ec\/derechoshumanos\/wp-json\/wp\/v2\/tags?post=11706"}],"curies":[{"name":"wp","href":"https:\/\/api.w.org\/{rel}","templated":true}]}}