{"id":11718,"date":"2022-02-22T18:24:14","date_gmt":"2022-02-22T23:24:14","guid":{"rendered":"https:\/\/www.derechoshumanos.gob.ec\/?p=11718"},"modified":"2022-02-22T18:24:15","modified_gmt":"2022-02-22T23:24:15","slug":"derechos-humanos-realiza-la-apertura-de-ofertas-para-la-suscripcion-de-convenio-para-casas-de-acogida-y-centros-de-atencion-integral","status":"publish","type":"post","link":"https:\/\/www.ministeriodegobierno.gob.ec\/derechoshumanos\/2022\/02\/22\/derechos-humanos-realiza-la-apertura-de-ofertas-para-la-suscripcion-de-convenio-para-casas-de-acogida-y-centros-de-atencion-integral\/","title":{"rendered":"Derechos Humanos realiza la apertura de ofertas para la suscripci\u00f3n de convenio para Casas de Acogida y Centros de Atenci\u00f3n Integral"},"content":{"rendered":"\n<p class=\"wp-block-paragraph\">Quito, 22 de febrero de 2022<\/p>\n\n\n\n<p class=\"wp-block-paragraph\"><strong>Bolet\u00edn de prensa<\/strong><\/p>\n\n\n\n<p class=\"wp-block-paragraph\"><strong>En audiencia p\u00fablica:<\/strong><\/p>\n\n\n\n<p class=\"wp-block-paragraph\"><strong>Secretar\u00eda de Derechos Humanos realiza la apertura de ofertas para la suscripci\u00f3n de convenio para Casas de Acogida y Centros de Atenci\u00f3n Integral<\/strong><\/p>\n\n\n\n<p class=\"wp-block-paragraph\">Con representantes de la Cooperaci\u00f3n Internacional y representantes de las Casas de Acogida y los Centros de Atenci\u00f3n Integral, se constat\u00f3 la entrega de ofertas de 25 organizaciones dentro del plazo establecido que concluy\u00f3 el d\u00eda 21 de febrero, a las 23h59.<\/p>\n\n\n\n<p class=\"wp-block-paragraph\">En transmisi\u00f3n p\u00fablica por redes sociales y con invitaci\u00f3n abierta, el secretario de la comisi\u00f3n constat\u00f3 el qu\u00f3rum, con la presencia de los tres Subsecretarios Emilia Cisneros, de Prevenci\u00f3n y Erradicaci\u00f3n de Violencia de G\u00e9nero; Samia M\u00e1rmol, de Nacionalidades, Pueblos y Organizaciones Sociales, y Alexander Guano, de Diversidades.<\/p>\n\n\n\n<p class=\"wp-block-paragraph\">Emilia Cisneros, en su calidad de Presidenta del comit\u00e9, destac\u00f3 que, desde el 24 de mayo de 2021, la prevenci\u00f3n y erradicaci\u00f3n de violencia de g\u00e9nero es la m\u00e1s alta prioridad del Estado, lo que se evidencia en la elevaci\u00f3n del presupuesto a 24 millones de d\u00f3lares solo para prevenci\u00f3n.<\/p>\n\n\n\n<p class=\"wp-block-paragraph\">Una vez cumplido este paso, el comit\u00e9 deber\u00e1 revisar las propuestas; habr\u00e1 el per\u00edodo de convalidaci\u00f3n de errores; se dar\u00e1 el an\u00e1lisis, evaluaci\u00f3n y calificaci\u00f3n para publicar resultados el 23 de marzo del a\u00f1o en curso. La fecha estimada para la suscripci\u00f3n de los convenios es el 29 de marzo.<\/p>\n\n\n\n<p class=\"wp-block-paragraph\"><strong>El Dato:<\/strong><\/p>\n\n\n\n<p class=\"wp-block-paragraph\">La atenci\u00f3n integral y el acogimiento a mujeres sobrevivientes de violencia de g\u00e9nero de nuestro pa\u00eds se fortalece con la convocatoria para la suscripci\u00f3n de convenios de cooperaci\u00f3n con Centros de Atenci\u00f3n Integral y Casas de Acogida.<\/p>\n\n\n\n<p class=\"wp-block-paragraph\">La convocatoria se realiz\u00f3 mediante un proceso participativo y de di\u00e1logo con las organizaciones sociales, se mejoraron las condiciones del personal que trabaja en Casas de Acogida y Centros de Atenci\u00f3n Integral y se mantuvo el modelo de gesti\u00f3n.<\/p>\n\n\n\n<p class=\"wp-block-paragraph\">Informaci\u00f3n adicional: <a href=\"https:\/\/bit.ly\/3LaUOFx\">https:\/\/bit.ly\/3LaUOFx<\/a><\/p>\n","protected":false},"excerpt":{"rendered":"<p class=\"excerpt\">Quito, 22 de febrero de 2022 Bolet\u00edn de prensa En audiencia p\u00fablica: Secretar\u00eda de Derechos Humanos realiza la apertura de ofertas para la suscripci\u00f3n de convenio para Casas de Acogida y Centros de Atenci\u00f3n Integral Con representantes de la Cooperaci\u00f3n Internacional y representantes de las Casas de Acogida y los Centros de Atenci\u00f3n Integral, se constat\u00f3 la entrega de ofertas&hellip; <a href=\"https:\/\/www.ministeriodegobierno.gob.ec\/derechoshumanos\/2022\/02\/22\/derechos-humanos-realiza-la-apertura-de-ofertas-para-la-suscripcion-de-convenio-para-casas-de-acogida-y-centros-de-atencion-integral\/\">Read more &rarr;<\/a><\/p>\n","protected":false},"author":10,"featured_media":11720,"comment_status":"closed","ping_status":"closed","sticky":false,"template":"","format":"standard","meta":{"footnotes":""},"categories":[20,5,6],"tags":[],"class_list":["post-11718","post","type-post","status-publish","format-standard","has-post-thumbnail","hentry","category-boletin-de-prensa","category-noticias","category-noticias-destacadas","xfolkentry"],"_links":{"self":[{"href":"https:\/\/www.ministeriodegobierno.gob.ec\/derechoshumanos\/wp-json\/wp\/v2\/posts\/11718","targetHints":{"allow":["GET"]}}],"collection":[{"href":"https:\/\/www.ministeriodegobierno.gob.ec\/derechoshumanos\/wp-json\/wp\/v2\/posts"}],"about":[{"href":"https:\/\/www.ministeriodegobierno.gob.ec\/derechoshumanos\/wp-json\/wp\/v2\/types\/post"}],"author":[{"embeddable":true,"href":"https:\/\/www.ministeriodegobierno.gob.ec\/derechoshumanos\/wp-json\/wp\/v2\/users\/10"}],"replies":[{"embeddable":true,"href":"https:\/\/www.ministeriodegobierno.gob.ec\/derechoshumanos\/wp-json\/wp\/v2\/comments?post=11718"}],"version-history":[{"count":2,"href":"https:\/\/www.ministeriodegobierno.gob.ec\/derechoshumanos\/wp-json\/wp\/v2\/posts\/11718\/revisions"}],"predecessor-version":[{"id":11721,"href":"https:\/\/www.ministeriodegobierno.gob.ec\/derechoshumanos\/wp-json\/wp\/v2\/posts\/11718\/revisions\/11721"}],"wp:featuredmedia":[{"embeddable":true,"href":"https:\/\/www.ministeriodegobierno.gob.ec\/derechoshumanos\/wp-json\/wp\/v2\/media\/11720"}],"wp:attachment":[{"href":"https:\/\/www.ministeriodegobierno.gob.ec\/derechoshumanos\/wp-json\/wp\/v2\/media?parent=11718"}],"wp:term":[{"taxonomy":"category","embeddable":true,"href":"https:\/\/www.ministeriodegobierno.gob.ec\/derechoshumanos\/wp-json\/wp\/v2\/categories?post=11718"},{"taxonomy":"post_tag","embeddable":true,"href":"https:\/\/www.ministeriodegobierno.gob.ec\/derechoshumanos\/wp-json\/wp\/v2\/tags?post=11718"}],"curies":[{"name":"wp","href":"https:\/\/api.w.org\/{rel}","templated":true}]}}