{"id":11725,"date":"2022-02-23T17:13:04","date_gmt":"2022-02-23T22:13:04","guid":{"rendered":"https:\/\/www.derechoshumanos.gob.ec\/?p=11725"},"modified":"2022-02-23T17:13:05","modified_gmt":"2022-02-23T22:13:05","slug":"cumplimos-con-la-tercera-dosis-de-vacunacion-contra-el-covid-19-a-la-nacionalidad-waorani-que-habita-al-interior-de-la-zona-intangible-tagaeri-taromenane","status":"publish","type":"post","link":"https:\/\/www.ministeriodegobierno.gob.ec\/derechoshumanos\/2022\/02\/23\/cumplimos-con-la-tercera-dosis-de-vacunacion-contra-el-covid-19-a-la-nacionalidad-waorani-que-habita-al-interior-de-la-zona-intangible-tagaeri-taromenane\/","title":{"rendered":"Cumplimos con la tercera dosis de vacunaci\u00f3n contra el COVID 19 a la Nacionalidad Waorani que habita al interior de la Zona Intangible Tagaeri Taromenane"},"content":{"rendered":"\n<p class=\"wp-block-paragraph\"><\/p>\n\n\n\n<p class=\"wp-block-paragraph\">Tras una jornada que se extendi\u00f3 desde el 16 hasta el 19 de febrero, el equipo t\u00e9cnico dirigido por Direcci\u00f3n de Monitoreo y Seguimiento de Protecci\u00f3n de Pueblos Ind\u00edgenas en aislamiento voluntario, de la Secretar\u00eda de Derechos Humanos, indic\u00f3 que 72 habitantes de las 7 comunidades completaron la tercera dosis de vacunaci\u00f3n contra el Covid 19.<\/p>\n\n\n\n<p class=\"wp-block-paragraph\">El Director Danilo Quijo explic\u00f3 que desde la estaci\u00f3n de monitoreo ubicada en Shiripuno, hasta la \u00faltima comunidad, existen 15 horas de trayecto en canoa por los r\u00edos Cononaco y Shiripuno, en el coraz\u00f3n del Yasun\u00ed. Para lograr el esquema completo de vacunaci\u00f3n, se debe ir vacunando en cada comunidad a las que se accede junto a promotores de salud de la Nacionalidad Waorani que hablan en idioma Wao Tededo para comunicarse adecuadamente con los beneficiarios.<\/p>\n\n\n\n<p class=\"wp-block-paragraph\">En esta ocasi\u00f3n, y de acuerdo al esquema de vacunaci\u00f3n autorizado por el Ministerio de Salud P\u00fablica, se inici\u00f3 la vacunaci\u00f3n a ni\u00f1os y ni\u00f1as, cuyos progenitores aceptaron el procedimiento.<\/p>\n\n\n\n<p class=\"wp-block-paragraph\">Adicionalmente, se vacun\u00f3 contra la influenza a 65 personas. En esta jornada de vacunaci\u00f3n, acompa\u00f1aron la acci\u00f3n articulada por la Secretar\u00eda de Derechos Humanos, personal del Ministerio de Salud P\u00fablica y de la Secretar\u00eda General de Comunicaci\u00f3n Social (SEGCOM).<\/p>\n\n\n\n<p class=\"wp-block-paragraph\"><strong>El Dato<\/strong><\/p>\n\n\n\n<p class=\"wp-block-paragraph\">La Direcci\u00f3n de Monitoreo y Seguimiento a la Protecci\u00f3n de Pueblos Ind\u00edgenas, de la Secretar\u00eda de Derechos Humanos, realiza la vacunaci\u00f3n a la Nacionalidad Waorani en el marco de protecci\u00f3n a los Pueblos Ind\u00edgenas en Aislamiento Voluntario (PIAV) con los que podr\u00edan tener alg\u00fan tipo de encuentro, y as\u00ed preservarlos de un posible contagio debido a que sus m\u00ednimas defensas inmunol\u00f3gicas.<\/p>\n\n\n\n<p class=\"wp-block-paragraph\">La Direcci\u00f3n mantiene una permanente actividad de di\u00e1logo y relacionamiento con la Nacionalidad Waorani a trav\u00e9s de los t\u00e9cnicos y monitores territoriales.<\/p>\n","protected":false},"excerpt":{"rendered":"<p class=\"excerpt\">Tras una jornada que se extendi\u00f3 desde el 16 hasta el 19 de febrero, el equipo t\u00e9cnico dirigido por Direcci\u00f3n de Monitoreo y Seguimiento de Protecci\u00f3n de Pueblos Ind\u00edgenas en aislamiento voluntario, de la Secretar\u00eda de Derechos Humanos, indic\u00f3 que 72 habitantes de las 7 comunidades completaron la tercera dosis de vacunaci\u00f3n contra el Covid 19. El Director Danilo Quijo&hellip; <a href=\"https:\/\/www.ministeriodegobierno.gob.ec\/derechoshumanos\/2022\/02\/23\/cumplimos-con-la-tercera-dosis-de-vacunacion-contra-el-covid-19-a-la-nacionalidad-waorani-que-habita-al-interior-de-la-zona-intangible-tagaeri-taromenane\/\">Read more &rarr;<\/a><\/p>\n","protected":false},"author":6,"featured_media":11726,"comment_status":"closed","ping_status":"closed","sticky":false,"template":"","format":"standard","meta":{"footnotes":""},"categories":[20,5,6],"tags":[],"class_list":["post-11725","post","type-post","status-publish","format-standard","has-post-thumbnail","hentry","category-boletin-de-prensa","category-noticias","category-noticias-destacadas","xfolkentry"],"_links":{"self":[{"href":"https:\/\/www.ministeriodegobierno.gob.ec\/derechoshumanos\/wp-json\/wp\/v2\/posts\/11725","targetHints":{"allow":["GET"]}}],"collection":[{"href":"https:\/\/www.ministeriodegobierno.gob.ec\/derechoshumanos\/wp-json\/wp\/v2\/posts"}],"about":[{"href":"https:\/\/www.ministeriodegobierno.gob.ec\/derechoshumanos\/wp-json\/wp\/v2\/types\/post"}],"author":[{"embeddable":true,"href":"https:\/\/www.ministeriodegobierno.gob.ec\/derechoshumanos\/wp-json\/wp\/v2\/users\/6"}],"replies":[{"embeddable":true,"href":"https:\/\/www.ministeriodegobierno.gob.ec\/derechoshumanos\/wp-json\/wp\/v2\/comments?post=11725"}],"version-history":[{"count":1,"href":"https:\/\/www.ministeriodegobierno.gob.ec\/derechoshumanos\/wp-json\/wp\/v2\/posts\/11725\/revisions"}],"predecessor-version":[{"id":11727,"href":"https:\/\/www.ministeriodegobierno.gob.ec\/derechoshumanos\/wp-json\/wp\/v2\/posts\/11725\/revisions\/11727"}],"wp:featuredmedia":[{"embeddable":true,"href":"https:\/\/www.ministeriodegobierno.gob.ec\/derechoshumanos\/wp-json\/wp\/v2\/media\/11726"}],"wp:attachment":[{"href":"https:\/\/www.ministeriodegobierno.gob.ec\/derechoshumanos\/wp-json\/wp\/v2\/media?parent=11725"}],"wp:term":[{"taxonomy":"category","embeddable":true,"href":"https:\/\/www.ministeriodegobierno.gob.ec\/derechoshumanos\/wp-json\/wp\/v2\/categories?post=11725"},{"taxonomy":"post_tag","embeddable":true,"href":"https:\/\/www.ministeriodegobierno.gob.ec\/derechoshumanos\/wp-json\/wp\/v2\/tags?post=11725"}],"curies":[{"name":"wp","href":"https:\/\/api.w.org\/{rel}","templated":true}]}}