{"id":11728,"date":"2022-02-24T15:28:21","date_gmt":"2022-02-24T20:28:21","guid":{"rendered":"https:\/\/www.derechoshumanos.gob.ec\/?p=11728"},"modified":"2022-02-24T15:28:21","modified_gmt":"2022-02-24T20:28:21","slug":"la-secretaria-de-derechos-humanos-y-la-pontificia-universidad-catolica-del-ecuador-trabajaran-en-conjunto-para-promover-los-derechos-humanos","status":"publish","type":"post","link":"https:\/\/www.ministeriodegobierno.gob.ec\/derechoshumanos\/2022\/02\/24\/la-secretaria-de-derechos-humanos-y-la-pontificia-universidad-catolica-del-ecuador-trabajaran-en-conjunto-para-promover-los-derechos-humanos\/","title":{"rendered":"La Secretar\u00eda de Derechos Humanos y la Pontificia Universidad Cat\u00f3lica del Ecuador trabajar\u00e1n en conjunto para promover los Derechos Humanos"},"content":{"rendered":"\n<p class=\"wp-block-paragraph\"><\/p>\n\n\n\n<p class=\"wp-block-paragraph\"><strong>Quito, Ecuador.-<\/strong> La Secretar\u00eda de Derechos Humanos y la\u00a0Pontificia Universidad Cat\u00f3lica del Ecuador\u00a0(PUCE) firmaron un convenio marco de cooperaci\u00f3n institucional,el mi\u00e9rcoles 23 de febrero de 2022. Entre sus objetivos est\u00e1 la implementaci\u00f3n de pr\u00e1cticas profesionales de los estudiantes.<\/p>\n\n\n\n<p class=\"wp-block-paragraph\">La abogada Bernarda Ord\u00f3\u00f1ez, Secretaria de Derechos Humanos y el doctor  Fernando Ponce Le\u00f3n,S.J., Rector de la PUCE,<strong> <\/strong>buscan que este convenio de cooperaci\u00f3n establezca las\u00a0 bases para la realizaci\u00f3n de actividades conjuntas.<\/p>\n\n\n\n<p class=\"wp-block-paragraph\">El convenio engloba la ejecuci\u00f3n de iniciativas y eventos que permitan, desde el \u00e1mbito de la educaci\u00f3n superior, impulsar la investigaci\u00f3n, formaci\u00f3n y promoci\u00f3n de los derechos humanos; as\u00ed como la implementaci\u00f3n de pr\u00e1cticas preprofesionales de los estudiantes de la PUCE, orientadas a garantizar el pleno ejercicio, la observancia y el cumplimiento de los derechos humanos.<\/p>\n\n\n\n<p class=\"wp-block-paragraph\">Durante la firma del convenio, la abogada Ordo\u00f1ez se\u00f1al\u00f3:<strong> <\/strong>\u201cCoincidimos en la causa de los derechos humanos y en su principio de ser m\u00e1s para servir mejor\u201d. Adem\u00e1s, detall\u00f3 que quieren fortalecer uno de los pilares fundamentales de su accionar, que implica evitar las vulneraciones de derechos humanos con capacitaciones para funcionarios p\u00fablicos.<\/p>\n\n\n\n<p class=\"wp-block-paragraph\">Por su parte, el doctor Ponce puntualiz\u00f3: \u201cPara nosotros es muy natural ponernos al servicio de los derechos humanos. La causa de la promoci\u00f3n de la dignidad humana en todas sus dimensiones est\u00e1 muy ligada a lo que hacemos como universidad, inspirada en el humanismo cristiano. Respetamos los derechos humanos fundamentales del ser humano y de la naturaleza\u201d.<\/p>\n\n\n\n<p class=\"wp-block-paragraph\">Con base en este convenio, ambas instituciones se proponen desarrollar contenidos de derechos humanos y promover procesos de formaci\u00f3n, dirigidos a los servidores p\u00fablicos, estudiantes, personal administrativo y docente de la universidad.<\/p>\n","protected":false},"excerpt":{"rendered":"<p class=\"excerpt\">Quito, Ecuador.- La Secretar\u00eda de Derechos Humanos y la\u00a0Pontificia Universidad Cat\u00f3lica del Ecuador\u00a0(PUCE) firmaron un convenio marco de cooperaci\u00f3n institucional,el mi\u00e9rcoles 23 de febrero de 2022. Entre sus objetivos est\u00e1 la implementaci\u00f3n de pr\u00e1cticas profesionales de los estudiantes. La abogada Bernarda Ord\u00f3\u00f1ez, Secretaria de Derechos Humanos y el doctor Fernando Ponce Le\u00f3n,S.J., Rector de la PUCE, buscan que este convenio&hellip; <a href=\"https:\/\/www.ministeriodegobierno.gob.ec\/derechoshumanos\/2022\/02\/24\/la-secretaria-de-derechos-humanos-y-la-pontificia-universidad-catolica-del-ecuador-trabajaran-en-conjunto-para-promover-los-derechos-humanos\/\">Read more &rarr;<\/a><\/p>\n","protected":false},"author":6,"featured_media":11729,"comment_status":"closed","ping_status":"closed","sticky":false,"template":"","format":"standard","meta":{"footnotes":""},"categories":[20,5,6],"tags":[],"class_list":["post-11728","post","type-post","status-publish","format-standard","has-post-thumbnail","hentry","category-boletin-de-prensa","category-noticias","category-noticias-destacadas","xfolkentry"],"_links":{"self":[{"href":"https:\/\/www.ministeriodegobierno.gob.ec\/derechoshumanos\/wp-json\/wp\/v2\/posts\/11728","targetHints":{"allow":["GET"]}}],"collection":[{"href":"https:\/\/www.ministeriodegobierno.gob.ec\/derechoshumanos\/wp-json\/wp\/v2\/posts"}],"about":[{"href":"https:\/\/www.ministeriodegobierno.gob.ec\/derechoshumanos\/wp-json\/wp\/v2\/types\/post"}],"author":[{"embeddable":true,"href":"https:\/\/www.ministeriodegobierno.gob.ec\/derechoshumanos\/wp-json\/wp\/v2\/users\/6"}],"replies":[{"embeddable":true,"href":"https:\/\/www.ministeriodegobierno.gob.ec\/derechoshumanos\/wp-json\/wp\/v2\/comments?post=11728"}],"version-history":[{"count":1,"href":"https:\/\/www.ministeriodegobierno.gob.ec\/derechoshumanos\/wp-json\/wp\/v2\/posts\/11728\/revisions"}],"predecessor-version":[{"id":11730,"href":"https:\/\/www.ministeriodegobierno.gob.ec\/derechoshumanos\/wp-json\/wp\/v2\/posts\/11728\/revisions\/11730"}],"wp:featuredmedia":[{"embeddable":true,"href":"https:\/\/www.ministeriodegobierno.gob.ec\/derechoshumanos\/wp-json\/wp\/v2\/media\/11729"}],"wp:attachment":[{"href":"https:\/\/www.ministeriodegobierno.gob.ec\/derechoshumanos\/wp-json\/wp\/v2\/media?parent=11728"}],"wp:term":[{"taxonomy":"category","embeddable":true,"href":"https:\/\/www.ministeriodegobierno.gob.ec\/derechoshumanos\/wp-json\/wp\/v2\/categories?post=11728"},{"taxonomy":"post_tag","embeddable":true,"href":"https:\/\/www.ministeriodegobierno.gob.ec\/derechoshumanos\/wp-json\/wp\/v2\/tags?post=11728"}],"curies":[{"name":"wp","href":"https:\/\/api.w.org\/{rel}","templated":true}]}}