{"id":11731,"date":"2022-02-24T17:36:59","date_gmt":"2022-02-24T22:36:59","guid":{"rendered":"https:\/\/www.derechoshumanos.gob.ec\/?p=11731"},"modified":"2022-02-24T17:37:00","modified_gmt":"2022-02-24T22:37:00","slug":"accion-conjunta-de-la-secretaria-de-derechos-humanos-y-el-m-i-municipio-de-guayaquil-para-implementacion-del-primer-centro-violeta-del-pais","status":"publish","type":"post","link":"https:\/\/www.ministeriodegobierno.gob.ec\/derechoshumanos\/2022\/02\/24\/accion-conjunta-de-la-secretaria-de-derechos-humanos-y-el-m-i-municipio-de-guayaquil-para-implementacion-del-primer-centro-violeta-del-pais\/","title":{"rendered":"Acci\u00f3n conjunta de la Secretar\u00eda de Derechos Humanos y el M. I. Municipio de Guayaquil para\u00a0implementaci\u00f3n\u00a0del primer Centro Violeta del pa\u00eds"},"content":{"rendered":"\n<p class=\"wp-block-paragraph\"><\/p>\n\n\n\n<p class=\"wp-block-paragraph\"><strong>Guayaquil, Ecuador.-<\/strong>&nbsp;La&nbsp;Secretar\u00eda de Derechos Humanos y la&nbsp;M. I.&nbsp;Municipalidad de Guayaquil&nbsp;presidieron hoy un&nbsp;encuentro con representantes de Cooperaci\u00f3n Internacional y de empresas privadas para&nbsp;buscar alianzas p\u00fablico-privadas para la&nbsp;implementaci\u00f3n&nbsp;del primer Centro Violeta del pa\u00eds en el puerto principal.<\/p>\n\n\n\n<p class=\"wp-block-paragraph\">La Secretaria de Derechos Humanos Bernarda Ord\u00f3\u00f1ez Moscoso&nbsp;destac\u00f3 que \u201choy las ni\u00f1as y mujeres somos la prioridad del Gobierno Nacional y contamos con un presupuesto de $24 millones de d\u00f3lares\u201d, al indicar que cuanto asumi\u00f3 la cartera de Estado apenas hab\u00eda un presupuesto de un mill\u00f3n de d\u00f3lares.&nbsp;<\/p>\n\n\n\n<p class=\"wp-block-paragraph\">Con ese aval, la Secretaria explic\u00f3 que para este a\u00f1o el pa\u00eds contar\u00e1 con seis Centros Violenta, el primero en Guayaquil, donde el Municipio ya ha facilitado el lugar en que abrir\u00e1, pero que necesita el apoyo para su adecuaci\u00f3n.<\/p>\n\n\n\n<p class=\"wp-block-paragraph\">La Alcaldesa de Guayaquil, Cinthya Viteri, destac\u00f3 el objetivo com\u00fan que existe en la lucha contra la violencia en contra de ni\u00f1as y mujeres, al se\u00f1alar que hace dos a\u00f1os, al iniciar su&nbsp;gesti\u00f3n, instaur\u00f3 la Direcci\u00f3n de la Mujer, con&nbsp;VivianneAlmeida a la cabeza y desde la cual se han atendido hasta la fecha a 48.000 mujeres&nbsp;con actividades de acompa\u00f1amiento, empoderamiento,&nbsp;capacitaci\u00f3n&nbsp;y prevenci\u00f3n.<\/p>\n\n\n\n<p class=\"wp-block-paragraph\">Los Centros V<a><\/a>ioleta&nbsp;son el proyecto&nbsp;emblem\u00e1tico&nbsp;de la Secretar\u00eda de Derechos Humanos&nbsp;para garantizar el derecho de las mujeres&nbsp;sobrevivientes de violencia&nbsp;y sus dependientes&nbsp;a una&nbsp;atenci\u00f3n&nbsp;integral, de calidad,&nbsp;\u00e1gil y oportuna, en un entorno seguro que impida la&nbsp;revictimizaci\u00f3n, para lo cual se articulan acciones con los Gobiernos Aut\u00f3nomos Descentralizados y con diversos sectores p\u00fablicos y privados y de la sociedad civil, como en el caso del Encuentro de Cooperaci\u00f3n, realizado hoy en Guayaquil, con el apoyo de la Fundaci\u00f3n Haciendo Ecuador.<\/p>\n\n\n\n<p class=\"wp-block-paragraph\"><strong>El Dato:<\/strong>\u2022&nbsp;El Centro Violeta de Guayaquil estar\u00e1 ubicado en el Castillo de Espronceda, en Eloy Alfaro y Venezuela, donde ya se realizan los estudios t\u00e9cnicos para la adecuaci\u00f3n de las instalaciones en que estar\u00e1n la Defensor\u00eda P\u00fablica, la Fiscal\u00eda, el Ministerio de Salud P\u00fablica, la Polic\u00eda Nacional, las Juntas Cantonales de Protecci\u00f3n de Derechos y la Secretar\u00eda de Derechos Humanos.\u2022&nbsp;Para&nbsp;este a\u00f1o est\u00e1 previsto&nbsp;abrir&nbsp;seis Centros Violeta. Estar\u00e1n&nbsp;ubicados en Guayaquil, Cuenca, Ambato, Riobamba, Lago Agrio y Manta.\u2022&nbsp;Hasta 2025, est\u00e1n planificado contar con 24 Centros Violeta en las 24 provincias del pa\u00eds.<\/p>\n\n\n\n<p class=\"wp-block-paragraph\">El trabajo de esta cartera de Estado contin\u00faa de manera articulada con las instituciones del Estado, los gobiernos aut\u00f3nomos descentralizados, la cooperaci\u00f3n internacional, las empresas p\u00fablicas y privadas para garantizar a las ni\u00f1as y mujeres del Ecuador el derecho a una vida libre de violencia.<\/p>\n","protected":false},"excerpt":{"rendered":"<p class=\"excerpt\">Guayaquil, Ecuador.-&nbsp;La&nbsp;Secretar\u00eda de Derechos Humanos y la&nbsp;M. I.&nbsp;Municipalidad de Guayaquil&nbsp;presidieron hoy un&nbsp;encuentro con representantes de Cooperaci\u00f3n Internacional y de empresas privadas para&nbsp;buscar alianzas p\u00fablico-privadas para la&nbsp;implementaci\u00f3n&nbsp;del primer Centro Violeta del pa\u00eds en el puerto principal. La Secretaria de Derechos Humanos Bernarda Ord\u00f3\u00f1ez Moscoso&nbsp;destac\u00f3 que \u201choy las ni\u00f1as y mujeres somos la prioridad del Gobierno Nacional y contamos con un presupuesto&hellip; <a href=\"https:\/\/www.ministeriodegobierno.gob.ec\/derechoshumanos\/2022\/02\/24\/accion-conjunta-de-la-secretaria-de-derechos-humanos-y-el-m-i-municipio-de-guayaquil-para-implementacion-del-primer-centro-violeta-del-pais\/\">Read more &rarr;<\/a><\/p>\n","protected":false},"author":6,"featured_media":11732,"comment_status":"closed","ping_status":"closed","sticky":false,"template":"","format":"standard","meta":{"footnotes":""},"categories":[20,5,6],"tags":[],"class_list":["post-11731","post","type-post","status-publish","format-standard","has-post-thumbnail","hentry","category-boletin-de-prensa","category-noticias","category-noticias-destacadas","xfolkentry"],"_links":{"self":[{"href":"https:\/\/www.ministeriodegobierno.gob.ec\/derechoshumanos\/wp-json\/wp\/v2\/posts\/11731","targetHints":{"allow":["GET"]}}],"collection":[{"href":"https:\/\/www.ministeriodegobierno.gob.ec\/derechoshumanos\/wp-json\/wp\/v2\/posts"}],"about":[{"href":"https:\/\/www.ministeriodegobierno.gob.ec\/derechoshumanos\/wp-json\/wp\/v2\/types\/post"}],"author":[{"embeddable":true,"href":"https:\/\/www.ministeriodegobierno.gob.ec\/derechoshumanos\/wp-json\/wp\/v2\/users\/6"}],"replies":[{"embeddable":true,"href":"https:\/\/www.ministeriodegobierno.gob.ec\/derechoshumanos\/wp-json\/wp\/v2\/comments?post=11731"}],"version-history":[{"count":1,"href":"https:\/\/www.ministeriodegobierno.gob.ec\/derechoshumanos\/wp-json\/wp\/v2\/posts\/11731\/revisions"}],"predecessor-version":[{"id":11733,"href":"https:\/\/www.ministeriodegobierno.gob.ec\/derechoshumanos\/wp-json\/wp\/v2\/posts\/11731\/revisions\/11733"}],"wp:featuredmedia":[{"embeddable":true,"href":"https:\/\/www.ministeriodegobierno.gob.ec\/derechoshumanos\/wp-json\/wp\/v2\/media\/11732"}],"wp:attachment":[{"href":"https:\/\/www.ministeriodegobierno.gob.ec\/derechoshumanos\/wp-json\/wp\/v2\/media?parent=11731"}],"wp:term":[{"taxonomy":"category","embeddable":true,"href":"https:\/\/www.ministeriodegobierno.gob.ec\/derechoshumanos\/wp-json\/wp\/v2\/categories?post=11731"},{"taxonomy":"post_tag","embeddable":true,"href":"https:\/\/www.ministeriodegobierno.gob.ec\/derechoshumanos\/wp-json\/wp\/v2\/tags?post=11731"}],"curies":[{"name":"wp","href":"https:\/\/api.w.org\/{rel}","templated":true}]}}