{"id":11862,"date":"2022-03-02T14:32:51","date_gmt":"2022-03-02T19:32:51","guid":{"rendered":"https:\/\/www.derechoshumanos.gob.ec\/?p=11862"},"modified":"2022-03-02T14:32:52","modified_gmt":"2022-03-02T19:32:52","slug":"en-loja-servicio-de-proteccion-integral-brindo-atencion-psicologica-social-y-juridica-a-familiares-de-victima-de-femicidio","status":"publish","type":"post","link":"https:\/\/www.ministeriodegobierno.gob.ec\/derechoshumanos\/2022\/03\/02\/en-loja-servicio-de-proteccion-integral-brindo-atencion-psicologica-social-y-juridica-a-familiares-de-victima-de-femicidio\/","title":{"rendered":"En Loja: Servicio de Protecci\u00f3n Integral brind\u00f3 atenci\u00f3n psicol\u00f3gica, social y jur\u00eddica a familiares de v\u00edctima de femicidio"},"content":{"rendered":"\n<p class=\"wp-block-paragraph\"><strong>Loja, Ecuador.-<\/strong> Ante el presunto femicidio de una mujer de 35 a\u00f1os de edad en Loja, la Secretar\u00eda de Derechos Humanos, activ\u00f3 el protocolo de atenci\u00f3n para brindar seguimiento, primeros auxilios psicol\u00f3gicos y contenci\u00f3n emocional a los familiares de la v\u00edctima, en coordinaci\u00f3n con la Polic\u00eda Nacional del Ecuador a trav\u00e9s de la&nbsp; Unidad de Investigaci\u00f3n contra la Violencia de G\u00e9nero, Mujer o Miembro del N\u00facleo Familiar (UNIVIF), la Direcci\u00f3n Nacional de Delitos contra la Vida, Muertes Violentas, Desapariciones, Extorsi\u00f3n y Secuestros, (UNIVIF) y la Coordinaci\u00f3n Zonal del Ministerio de Salud.<\/p>\n\n\n\n<p class=\"wp-block-paragraph\">Soph\u00eda Cueva Mej\u00eda, Coordinadora de Oficina T\u00e9cnica Zonal 7, manifest\u00f3: \u201cComo cartera de Estado, a trav\u00e9s del equipo t\u00e9cnico multidisciplinario, brindaremos apoyo, acompa\u00f1amiento, contenci\u00f3n psicol\u00f3gica y asesor\u00eda legal, dentro del marco de nuestras competencias para la restituci\u00f3n de derechos a los familiares de la v\u00edctima del presunto femicidio.<\/p>\n\n\n\n<p class=\"wp-block-paragraph\">A trav\u00e9s del Servicio de Protecci\u00f3n Integral, y de acuerdo al protocolo de atenci\u00f3n, el equipo t\u00e9cnico acudi\u00f3 al domicilio de la hija de la v\u00edctima, una NNA quien viv\u00eda con su madre a fin de realizar el abordaje integral, y con la autorizaci\u00f3n de su padre se brind\u00f3 la informaci\u00f3n respectiva.<\/p>\n\n\n\n<p class=\"wp-block-paragraph\"><\/p>\n","protected":false},"excerpt":{"rendered":"<p class=\"excerpt\">Loja, Ecuador.- Ante el presunto femicidio de una mujer de 35 a\u00f1os de edad en Loja, la Secretar\u00eda de Derechos Humanos, activ\u00f3 el protocolo de atenci\u00f3n para brindar seguimiento, primeros auxilios psicol\u00f3gicos y contenci\u00f3n emocional a los familiares de la v\u00edctima, en coordinaci\u00f3n con la Polic\u00eda Nacional del Ecuador a trav\u00e9s de la&nbsp; Unidad de Investigaci\u00f3n contra la Violencia de&hellip; <a href=\"https:\/\/www.ministeriodegobierno.gob.ec\/derechoshumanos\/2022\/03\/02\/en-loja-servicio-de-proteccion-integral-brindo-atencion-psicologica-social-y-juridica-a-familiares-de-victima-de-femicidio\/\">Read more &rarr;<\/a><\/p>\n","protected":false},"author":6,"featured_media":11863,"comment_status":"closed","ping_status":"closed","sticky":false,"template":"","format":"standard","meta":{"footnotes":""},"categories":[20,5,6],"tags":[],"class_list":["post-11862","post","type-post","status-publish","format-standard","has-post-thumbnail","hentry","category-boletin-de-prensa","category-noticias","category-noticias-destacadas","xfolkentry"],"_links":{"self":[{"href":"https:\/\/www.ministeriodegobierno.gob.ec\/derechoshumanos\/wp-json\/wp\/v2\/posts\/11862","targetHints":{"allow":["GET"]}}],"collection":[{"href":"https:\/\/www.ministeriodegobierno.gob.ec\/derechoshumanos\/wp-json\/wp\/v2\/posts"}],"about":[{"href":"https:\/\/www.ministeriodegobierno.gob.ec\/derechoshumanos\/wp-json\/wp\/v2\/types\/post"}],"author":[{"embeddable":true,"href":"https:\/\/www.ministeriodegobierno.gob.ec\/derechoshumanos\/wp-json\/wp\/v2\/users\/6"}],"replies":[{"embeddable":true,"href":"https:\/\/www.ministeriodegobierno.gob.ec\/derechoshumanos\/wp-json\/wp\/v2\/comments?post=11862"}],"version-history":[{"count":1,"href":"https:\/\/www.ministeriodegobierno.gob.ec\/derechoshumanos\/wp-json\/wp\/v2\/posts\/11862\/revisions"}],"predecessor-version":[{"id":11864,"href":"https:\/\/www.ministeriodegobierno.gob.ec\/derechoshumanos\/wp-json\/wp\/v2\/posts\/11862\/revisions\/11864"}],"wp:featuredmedia":[{"embeddable":true,"href":"https:\/\/www.ministeriodegobierno.gob.ec\/derechoshumanos\/wp-json\/wp\/v2\/media\/11863"}],"wp:attachment":[{"href":"https:\/\/www.ministeriodegobierno.gob.ec\/derechoshumanos\/wp-json\/wp\/v2\/media?parent=11862"}],"wp:term":[{"taxonomy":"category","embeddable":true,"href":"https:\/\/www.ministeriodegobierno.gob.ec\/derechoshumanos\/wp-json\/wp\/v2\/categories?post=11862"},{"taxonomy":"post_tag","embeddable":true,"href":"https:\/\/www.ministeriodegobierno.gob.ec\/derechoshumanos\/wp-json\/wp\/v2\/tags?post=11862"}],"curies":[{"name":"wp","href":"https:\/\/api.w.org\/{rel}","templated":true}]}}