{"id":11874,"date":"2022-03-03T16:03:22","date_gmt":"2022-03-03T21:03:22","guid":{"rendered":"https:\/\/www.derechoshumanos.gob.ec\/?p=11874"},"modified":"2022-03-03T16:03:22","modified_gmt":"2022-03-03T21:03:22","slug":"secretaria-de-derechos-humanos-presenta-el-proyecto-mujeres-desde-sus-propias-voces","status":"publish","type":"post","link":"https:\/\/www.ministeriodegobierno.gob.ec\/derechoshumanos\/2022\/03\/03\/secretaria-de-derechos-humanos-presenta-el-proyecto-mujeres-desde-sus-propias-voces\/","title":{"rendered":"Secretar\u00eda de Derechos Humanos presenta el proyecto \u201cMujeres desde sus propias voces\u201d"},"content":{"rendered":"\n<p class=\"wp-block-paragraph\"><\/p>\n\n\n\n<p class=\"wp-block-paragraph\"><strong>Quito, Ecuador.- <\/strong>La Secretar\u00eda de Derechos Humanos impulsa una serie de acciones orientadas hacia el fortalecimiento de las organizaciones sociales de mujeres, cuyo objetivo es garantizar su participaci\u00f3n en los diferentes medios de comunicaci\u00f3n y as\u00ed visibilizar la importancia de generar espacios liderados por mujeres.<\/p>\n\n\n\n<p class=\"wp-block-paragraph\">En este marco presenta el proyecto \u201cMujeres desde sus propias voces\u201d que tiene como objetivo dotar de las herramientas y acompa\u00f1amiento t\u00e9cnico a las organizaciones sociales de mujeres que deseen participar en el&nbsp; Proceso P\u00fablico Competitivo (PPC) de radiodifusi\u00f3n FM para medios comunitarios.<\/p>\n\n\n\n<p class=\"wp-block-paragraph\">Para cumplir con este objetivo se han organizado una serie de actividades que empiezan el viernes 4 de marzo con el taller virtual de \u201cSocializaci\u00f3n de Proceso P\u00fablico Competitivo (PPC) de radiodifusi\u00f3n FM para medios comunitarios\u201d en coordinaci\u00f3n con ARCOTEL.<\/p>\n\n\n\n<p class=\"wp-block-paragraph\">Adem\u00e1s, se prev\u00e9 realizar &nbsp;encuentros para impulsar la pluralidad de voces en los medios de comunicaci\u00f3n comunitaria, conocer experiencias de mujeres que se han destacado en el campo de la comunicaci\u00f3n y brindar el asesoramiento t\u00e9cnico necesario para elaborar las propuestas requeridas por el concurso.<\/p>\n\n\n\n<p class=\"wp-block-paragraph\">Esta iniciativa pretende empoderar a las mujeres para que incursionen en el campo de la comunicaci\u00f3n y conocer desde sus propias voces sus experiencias y as\u00ed fortalecer la libertad de expresi\u00f3n generando espacios comunicacionales liderados por organizaciones sociales de mujeres sin fines de lucro.<\/p>\n","protected":false},"excerpt":{"rendered":"<p class=\"excerpt\">Quito, Ecuador.- La Secretar\u00eda de Derechos Humanos impulsa una serie de acciones orientadas hacia el fortalecimiento de las organizaciones sociales de mujeres, cuyo objetivo es garantizar su participaci\u00f3n en los diferentes medios de comunicaci\u00f3n y as\u00ed visibilizar la importancia de generar espacios liderados por mujeres. En este marco presenta el proyecto \u201cMujeres desde sus propias voces\u201d que tiene como objetivo&hellip; <a href=\"https:\/\/www.ministeriodegobierno.gob.ec\/derechoshumanos\/2022\/03\/03\/secretaria-de-derechos-humanos-presenta-el-proyecto-mujeres-desde-sus-propias-voces\/\">Read more &rarr;<\/a><\/p>\n","protected":false},"author":6,"featured_media":11875,"comment_status":"closed","ping_status":"closed","sticky":false,"template":"","format":"standard","meta":{"footnotes":""},"categories":[20,5],"tags":[],"class_list":["post-11874","post","type-post","status-publish","format-standard","has-post-thumbnail","hentry","category-boletin-de-prensa","category-noticias","xfolkentry"],"_links":{"self":[{"href":"https:\/\/www.ministeriodegobierno.gob.ec\/derechoshumanos\/wp-json\/wp\/v2\/posts\/11874","targetHints":{"allow":["GET"]}}],"collection":[{"href":"https:\/\/www.ministeriodegobierno.gob.ec\/derechoshumanos\/wp-json\/wp\/v2\/posts"}],"about":[{"href":"https:\/\/www.ministeriodegobierno.gob.ec\/derechoshumanos\/wp-json\/wp\/v2\/types\/post"}],"author":[{"embeddable":true,"href":"https:\/\/www.ministeriodegobierno.gob.ec\/derechoshumanos\/wp-json\/wp\/v2\/users\/6"}],"replies":[{"embeddable":true,"href":"https:\/\/www.ministeriodegobierno.gob.ec\/derechoshumanos\/wp-json\/wp\/v2\/comments?post=11874"}],"version-history":[{"count":1,"href":"https:\/\/www.ministeriodegobierno.gob.ec\/derechoshumanos\/wp-json\/wp\/v2\/posts\/11874\/revisions"}],"predecessor-version":[{"id":11876,"href":"https:\/\/www.ministeriodegobierno.gob.ec\/derechoshumanos\/wp-json\/wp\/v2\/posts\/11874\/revisions\/11876"}],"wp:featuredmedia":[{"embeddable":true,"href":"https:\/\/www.ministeriodegobierno.gob.ec\/derechoshumanos\/wp-json\/wp\/v2\/media\/11875"}],"wp:attachment":[{"href":"https:\/\/www.ministeriodegobierno.gob.ec\/derechoshumanos\/wp-json\/wp\/v2\/media?parent=11874"}],"wp:term":[{"taxonomy":"category","embeddable":true,"href":"https:\/\/www.ministeriodegobierno.gob.ec\/derechoshumanos\/wp-json\/wp\/v2\/categories?post=11874"},{"taxonomy":"post_tag","embeddable":true,"href":"https:\/\/www.ministeriodegobierno.gob.ec\/derechoshumanos\/wp-json\/wp\/v2\/tags?post=11874"}],"curies":[{"name":"wp","href":"https:\/\/api.w.org\/{rel}","templated":true}]}}