{"id":11888,"date":"2022-03-08T15:13:14","date_gmt":"2022-03-08T20:13:14","guid":{"rendered":"https:\/\/www.derechoshumanos.gob.ec\/?p=11888"},"modified":"2022-03-08T15:18:18","modified_gmt":"2022-03-08T20:18:18","slug":"el-dia-internacional-de-la-mujer-es-conmemorado-por-el-gobierno-del-encuentro","status":"publish","type":"post","link":"https:\/\/www.ministeriodegobierno.gob.ec\/derechoshumanos\/2022\/03\/08\/el-dia-internacional-de-la-mujer-es-conmemorado-por-el-gobierno-del-encuentro\/","title":{"rendered":"EL D\u00cdA INTERNACIONAL DE LA MUJER ES CONMEMORADO POR EL GOBIERNO DEL ENCUENTRO"},"content":{"rendered":"\n<p class=\"wp-block-paragraph\"><br><br><strong>Quito, Ecuador.<\/strong> Con el fin de conmemorar el D\u00eda Internacional de la Mujer, el presidente de la Rep\u00fablica, Guillermo Lasso, particip\u00f3 de un encuentro con emprendedoras, profesionales, lideresas de varias organizaciones y representantes de pueblos y nacionalidades ind\u00edgenas para sensibilizar a la sociedad sobre la importancia de la igualdad de oportunidades y las iniciativas gubernamentales que emprende el gobierno en beneficio de las ecuatorianas.<\/p>\n\n\n\n<p class=\"wp-block-paragraph\"><br>El Jefe de Estado rememor\u00f3 los hechos hist\u00f3ricos que marcaron el 8 de marzo como una fecha significativa que representa la lucha de las mujeres por sus derechos. \u201cEste un d\u00eda para conmemorar a las mujeres, que son valientes, que tienen empuje, con un esp\u00edritu emprendedor y de lucha\u201d, dijo y ratific\u00f3 el compromiso de su Gobierno para trabajar por la igualdad de g\u00e9nero, compromiso que ha sido una de las columnas vertebrales de su gesti\u00f3n desde el primer d\u00eda.<\/p>\n\n\n\n<p class=\"wp-block-paragraph\"><br>La igualdad, dijo el Mandatario, se expresa en m\u00e1s oportunidades educativas, en mejores condiciones laborales y salariales, en el acceso a cr\u00e9ditos, en el impulso al emprendimiento, en el uso equitativo del tiempo para el cuidado de los hijos; y adem\u00e1s significa robustecer la econom\u00eda de las mujeres para su independencia; por ello, \u201cen nuestro gobierno las mujeres son un puntal de la reactivaci\u00f3n econ\u00f3mica\u201d.<\/p>\n\n\n\n<p class=\"wp-block-paragraph\"><br>Y el Ejecutivo emprende acciones tangibles para garantizar esta reactivaci\u00f3n. Mediante Banecuador, 5.3 de cada 10 cr\u00e9ditos al 1% de inter\u00e9s han sido para mujeres que se dedican a actividades agr\u00edcolas, comerciales, pecuarias, pisc\u00edcolas, para la peque\u00f1a industria. Asimismo, seg\u00fan la Corporaci\u00f3n Nacional de Finanzas Populares y Solidarias (Conafips), de los USD 402 millones gestionados por esta entidad, USD 185 millones han sido para mujeres microempresarias, en 30.000 operaciones. Adem\u00e1s, de las 481 organizaciones del sector financiero popular y solidario, 343 son lideradas por mujeres.<\/p>\n\n\n\n<p class=\"wp-block-paragraph\"><br>Por ejemplo, hoy -durante el evento- el Gobierno entreg\u00f3 un cr\u00e9dito de USD 5.000 para la Sayra Molina, que tiene su negocio pecuario en El Tingo, en Pichincha; y uno de USD 3.000 para Martha Guacham\u00edn, quien se dedica a la producci\u00f3n de aves en Guangopolo. \u201cPero no solo ellas son beneficiarias, cada d\u00eda estamos entregando cr\u00e9ditos por todo el pa\u00eds, para que miles de ecuatorianas cumplan su sue\u00f1o de tener un emprendimiento\u201d. Y, adem\u00e1s, asegur\u00f3 que se trabaja en un proyecto que impulsa capitales semilla para mujeres, con un monto inicial de USD 300.000.<\/p>\n\n\n\n<p class=\"wp-block-paragraph\"><br>La secretaria de Derechos Humanos, Bernarda Ord\u00f3\u00f1ez, coincidi\u00f3 en que uno de los pilares fundamentales que, como gobierno, se ha considerado puntal de desarrollo es el empoderamiento econ\u00f3mico de las mujeres. Por ello, de los USD 24 millones destinados como presupuesto para trabajar la prevenci\u00f3n de la violencia hacia las mujeres, USD 2 millones ser\u00e1n para emprendimientos de mujeres v\u00edctimas de violencia. \u201cInvertir en mujeres es invertir en toda la sociedad\u201d, afirm\u00f3.<\/p>\n\n\n\n<p class=\"wp-block-paragraph\"><br>Y entre otro de los temas que se ha cumplido durante estos meses iniciales de gesti\u00f3n est\u00e1 la eliminaci\u00f3n del IVA a las toallas sanitarias: \u201cEsto tiene un impacto importante en la vida de las mujeres, porque nos permite adquirir estos productos con dignidad\u201d.<\/p>\n\n\n\n<p class=\"wp-block-paragraph\"><br>Adem\u00e1s, durante el evento, el presidente Lasso suscribi\u00f3 el Decreto Ejecutivo con el que se crea el Bono para Ni\u00f1as, Ni\u00f1os y Adolescentes en Situaci\u00f3n de Orfandad por Muerte Violenta de su Madre o Progenitora, a causa del cometimiento de los siguientes delitos: asesinato, femicidio, homicidio, violaci\u00f3n con resultado de muerte.<\/p>\n\n\n\n<p class=\"wp-block-paragraph\"><\/p>\n\n\n\n<p class=\"wp-block-paragraph\">El documento tambi\u00e9n contempla otorgar un bono provisional a partir del inicio de la investigaci\u00f3n previa, y se entregar\u00e1 el bono definitivo cuando exista sentencia condenatoria ejecutoriada por cualquiera de los delitos en cuesti\u00f3n. \u201cCon este decreto, 563 hu\u00e9rfanos que a\u00fan viven una odisea por el femicidio de sus madres, recibir\u00e1n el apoyo que necesitan para salir adelante. Y los 121 chicos que ya lo reciben, estar\u00e1n m\u00e1s seguros y resguardados\u201d, asegur\u00f3 el Presidente.<\/p>\n\n\n\n<p class=\"wp-block-paragraph\"><br>La ministra Bernarda Ord\u00f3\u00f1ez asegur\u00f3 que \u201cel femicidio y la violencia son delitos 100 % prevenibles cuando trabajamos con todos los ministerios y la sociedad civil. Eso nos ha permitido \u2013hoy en d\u00eda\u2013 mejorar nuestros servicios de protecci\u00f3n integral\u201d. Es as\u00ed que, por primera vez, desde el 2008, las casas de acogida y los centros de atenci\u00f3n integral suscribieron convenios desde inicios del presente a\u00f1o.<\/p>\n\n\n\n<p class=\"wp-block-paragraph\"><br>El Presidente tambi\u00e9n reconoci\u00f3 el trascendental trabajo que despliegan las mujeres ministras y autoridades que forman parte del Gobierno del Encuentro. Y finaliz\u00f3 afirmado: \u201cTengan la seguridad de que siempre velaremos para que la igualdad de g\u00e9nero se la practique en todas las esferas de la sociedad\u201d.<br><\/p>\n","protected":false},"excerpt":{"rendered":"<p class=\"excerpt\">Quito, Ecuador. Con el fin de conmemorar el D\u00eda Internacional de la Mujer, el presidente de la Rep\u00fablica, Guillermo Lasso, particip\u00f3 de un encuentro con emprendedoras, profesionales, lideresas de varias organizaciones y representantes de pueblos y nacionalidades ind\u00edgenas para sensibilizar a la sociedad sobre la importancia de la igualdad de oportunidades y las iniciativas gubernamentales que emprende el gobierno en&hellip; <a href=\"https:\/\/www.ministeriodegobierno.gob.ec\/derechoshumanos\/2022\/03\/08\/el-dia-internacional-de-la-mujer-es-conmemorado-por-el-gobierno-del-encuentro\/\">Read more &rarr;<\/a><\/p>\n","protected":false},"author":6,"featured_media":11889,"comment_status":"closed","ping_status":"closed","sticky":false,"template":"","format":"standard","meta":{"footnotes":""},"categories":[20,5,6],"tags":[],"class_list":["post-11888","post","type-post","status-publish","format-standard","has-post-thumbnail","hentry","category-boletin-de-prensa","category-noticias","category-noticias-destacadas","xfolkentry"],"_links":{"self":[{"href":"https:\/\/www.ministeriodegobierno.gob.ec\/derechoshumanos\/wp-json\/wp\/v2\/posts\/11888","targetHints":{"allow":["GET"]}}],"collection":[{"href":"https:\/\/www.ministeriodegobierno.gob.ec\/derechoshumanos\/wp-json\/wp\/v2\/posts"}],"about":[{"href":"https:\/\/www.ministeriodegobierno.gob.ec\/derechoshumanos\/wp-json\/wp\/v2\/types\/post"}],"author":[{"embeddable":true,"href":"https:\/\/www.ministeriodegobierno.gob.ec\/derechoshumanos\/wp-json\/wp\/v2\/users\/6"}],"replies":[{"embeddable":true,"href":"https:\/\/www.ministeriodegobierno.gob.ec\/derechoshumanos\/wp-json\/wp\/v2\/comments?post=11888"}],"version-history":[{"count":4,"href":"https:\/\/www.ministeriodegobierno.gob.ec\/derechoshumanos\/wp-json\/wp\/v2\/posts\/11888\/revisions"}],"predecessor-version":[{"id":11894,"href":"https:\/\/www.ministeriodegobierno.gob.ec\/derechoshumanos\/wp-json\/wp\/v2\/posts\/11888\/revisions\/11894"}],"wp:featuredmedia":[{"embeddable":true,"href":"https:\/\/www.ministeriodegobierno.gob.ec\/derechoshumanos\/wp-json\/wp\/v2\/media\/11889"}],"wp:attachment":[{"href":"https:\/\/www.ministeriodegobierno.gob.ec\/derechoshumanos\/wp-json\/wp\/v2\/media?parent=11888"}],"wp:term":[{"taxonomy":"category","embeddable":true,"href":"https:\/\/www.ministeriodegobierno.gob.ec\/derechoshumanos\/wp-json\/wp\/v2\/categories?post=11888"},{"taxonomy":"post_tag","embeddable":true,"href":"https:\/\/www.ministeriodegobierno.gob.ec\/derechoshumanos\/wp-json\/wp\/v2\/tags?post=11888"}],"curies":[{"name":"wp","href":"https:\/\/api.w.org\/{rel}","templated":true}]}}