{"id":11895,"date":"2022-02-24T11:58:00","date_gmt":"2022-02-24T16:58:00","guid":{"rendered":"https:\/\/www.derechoshumanos.gob.ec\/?p=11895"},"modified":"2022-03-09T11:59:14","modified_gmt":"2022-03-09T16:59:14","slug":"la-secretaria-de-derechos-humanos-instalo-la-mesa-tecnica-interinstitucional-para-la-construccion-del-plan-de-accion-de-diversidades","status":"publish","type":"post","link":"https:\/\/www.ministeriodegobierno.gob.ec\/derechoshumanos\/2022\/02\/24\/la-secretaria-de-derechos-humanos-instalo-la-mesa-tecnica-interinstitucional-para-la-construccion-del-plan-de-accion-de-diversidades\/","title":{"rendered":"La Secretar\u00eda de Derechos Humanos instal\u00f3 la Mesa T\u00e9cnica Interinstitucional para la construcci\u00f3n del Plan de Acci\u00f3n de Diversidades"},"content":{"rendered":"\n<p class=\"wp-block-paragraph\"><\/p>\n\n\n\n<p class=\"wp-block-paragraph\"><strong>Quito, Ecuador.- <\/strong>La Secretar\u00eda de Derechos Humanos con el apoyo de la Organizaci\u00f3n Internacional de las Migraciones (OIM) instal\u00f3 la Mesa T\u00e9cnica Interinstitucional para la construcci\u00f3n del Plan de Acci\u00f3n de Diversidades, primera pol\u00edtica p\u00fablica orientada a la promoci\u00f3n de los derechos de la poblaci\u00f3n LGBTI+ y a la erradicaci\u00f3n de todas formas de violencia y discriminaci\u00f3n por orientaci\u00f3n sexual y\/o identidad de g\u00e9nero.<\/p>\n\n\n\n<p class=\"wp-block-paragraph\">El proceso para la construcci\u00f3n de esta pol\u00edtica p\u00fablica consta de 4 fases que son: Diagn\u00f3stico, Di\u00e1logo Nacional, Construcci\u00f3n y Validaci\u00f3n, actualmente est\u00e1 por culminar la primera fase, en este marco se solicit\u00f3 informaci\u00f3n a las instituciones del Estado para determinar los avances y nudos cr\u00edticos en temas relacionados con la poblaci\u00f3n LGBTI+.<\/p>\n\n\n\n<p class=\"wp-block-paragraph\">El Subsecretario de Diversidades, Alexander Guano, se\u00f1al\u00f3 la importancia de la construcci\u00f3n de esta pol\u00edtica p\u00fablica que ser\u00e1 la primera en el Ecuador que materialice los derechos humanos de la poblaci\u00f3n LGBTI+: <em>\u201cNuestro fin es contribuir a que se respeten los derechos que hist\u00f3ricamente han sido vulnerados como el derecho a la salud, a la vida, al trabajo, a la educaci\u00f3n, al acceso a la justicia\u201d, <\/em>resalt\u00f3.<\/p>\n\n\n\n<p class=\"wp-block-paragraph\">Por su parte, Coral\u00eda S\u00e1enz, representante de la OIM manifest\u00f3: <em>\u201cResaltamos el compromiso de la Secretar\u00eda de Derechos Humanos y de este Gobierno que ha visto el tema de la poblaci\u00f3n LGBTI+ como uno de los temas m\u00e1s importantes. Hay que reconocer que es la primera vez que se est\u00e1 trabajando en pol\u00edtica p\u00fablica en esta tem\u00e1tica\u201d.<\/em><\/p>\n\n\n\n<p class=\"wp-block-paragraph\">Entre los objetivos de esta mesa de trabajo est\u00e1n: proponer estrategias y acciones para enfrentar las causas estructurales que generan discriminaci\u00f3n por orientaci\u00f3n sexual, identidad y expresi\u00f3n de g\u00e9nero, sus respectivos mecanismos de medici\u00f3n de impacto que incluyan componentes estad\u00edsticos, as\u00ed como generar y fortalecer el conocimiento de las instituciones del Estado en relaci\u00f3n a la poblaci\u00f3n de LGBTI+.<\/p>\n\n\n\n<p class=\"wp-block-paragraph\">Adem\u00e1s de manera transversal se activar\u00e1 la mesa t\u00e9cnica para revisi\u00f3n de \u201cRuta de cierre de establecimientos que pretenden modificar la orientaci\u00f3n sexual y\/o identidad de g\u00e9nero\u201d, y la \u201cRuta de denuncia y atenci\u00f3n de casos de personas LGBTI+ y otras personas, atendidas en espacios que promuevan servicios o pr\u00e1cticas de \u2018reorientaci\u00f3n sexual\u2019 y otras intervenciones que vulneren los derechos humanos\u201d con las instituciones pertinentes.<\/p>\n\n\n\n<p class=\"wp-block-paragraph\">La clausura de este encuentro cont\u00f3 con la participaci\u00f3n del Subsecretario de Derechos Humanos, Felipe Ochoa Mogrovejo qui\u00e9n manifest\u00f3 que este proceso marcar\u00e1 un hito hist\u00f3rico en el Ecuador, y agradeci\u00f3 a todas las instituciones por su compromiso en esta jornada de trabajo.<\/p>\n","protected":false},"excerpt":{"rendered":"<p class=\"excerpt\">Quito, Ecuador.- La Secretar\u00eda de Derechos Humanos con el apoyo de la Organizaci\u00f3n Internacional de las Migraciones (OIM) instal\u00f3 la Mesa T\u00e9cnica Interinstitucional para la construcci\u00f3n del Plan de Acci\u00f3n de Diversidades, primera pol\u00edtica p\u00fablica orientada a la promoci\u00f3n de los derechos de la poblaci\u00f3n LGBTI+ y a la erradicaci\u00f3n de todas formas de violencia y discriminaci\u00f3n por orientaci\u00f3n sexual&hellip; <a href=\"https:\/\/www.ministeriodegobierno.gob.ec\/derechoshumanos\/2022\/02\/24\/la-secretaria-de-derechos-humanos-instalo-la-mesa-tecnica-interinstitucional-para-la-construccion-del-plan-de-accion-de-diversidades\/\">Read more &rarr;<\/a><\/p>\n","protected":false},"author":6,"featured_media":11896,"comment_status":"closed","ping_status":"closed","sticky":false,"template":"","format":"standard","meta":{"footnotes":""},"categories":[20,5,6],"tags":[],"class_list":["post-11895","post","type-post","status-publish","format-standard","has-post-thumbnail","hentry","category-boletin-de-prensa","category-noticias","category-noticias-destacadas","xfolkentry"],"_links":{"self":[{"href":"https:\/\/www.ministeriodegobierno.gob.ec\/derechoshumanos\/wp-json\/wp\/v2\/posts\/11895","targetHints":{"allow":["GET"]}}],"collection":[{"href":"https:\/\/www.ministeriodegobierno.gob.ec\/derechoshumanos\/wp-json\/wp\/v2\/posts"}],"about":[{"href":"https:\/\/www.ministeriodegobierno.gob.ec\/derechoshumanos\/wp-json\/wp\/v2\/types\/post"}],"author":[{"embeddable":true,"href":"https:\/\/www.ministeriodegobierno.gob.ec\/derechoshumanos\/wp-json\/wp\/v2\/users\/6"}],"replies":[{"embeddable":true,"href":"https:\/\/www.ministeriodegobierno.gob.ec\/derechoshumanos\/wp-json\/wp\/v2\/comments?post=11895"}],"version-history":[{"count":1,"href":"https:\/\/www.ministeriodegobierno.gob.ec\/derechoshumanos\/wp-json\/wp\/v2\/posts\/11895\/revisions"}],"predecessor-version":[{"id":11897,"href":"https:\/\/www.ministeriodegobierno.gob.ec\/derechoshumanos\/wp-json\/wp\/v2\/posts\/11895\/revisions\/11897"}],"wp:featuredmedia":[{"embeddable":true,"href":"https:\/\/www.ministeriodegobierno.gob.ec\/derechoshumanos\/wp-json\/wp\/v2\/media\/11896"}],"wp:attachment":[{"href":"https:\/\/www.ministeriodegobierno.gob.ec\/derechoshumanos\/wp-json\/wp\/v2\/media?parent=11895"}],"wp:term":[{"taxonomy":"category","embeddable":true,"href":"https:\/\/www.ministeriodegobierno.gob.ec\/derechoshumanos\/wp-json\/wp\/v2\/categories?post=11895"},{"taxonomy":"post_tag","embeddable":true,"href":"https:\/\/www.ministeriodegobierno.gob.ec\/derechoshumanos\/wp-json\/wp\/v2\/tags?post=11895"}],"curies":[{"name":"wp","href":"https:\/\/api.w.org\/{rel}","templated":true}]}}