{"id":11898,"date":"2022-03-07T15:42:00","date_gmt":"2022-03-07T20:42:00","guid":{"rendered":"https:\/\/www.derechoshumanos.gob.ec\/?p=11898"},"modified":"2022-03-09T15:42:36","modified_gmt":"2022-03-09T20:42:36","slug":"secretaria-de-derechos-humanos-realizo-foro-para-la-inclusion-y-no-discriminacion-de-mujeres-y-mujeres-trans-que-viven-con-vih","status":"publish","type":"post","link":"https:\/\/www.ministeriodegobierno.gob.ec\/derechoshumanos\/2022\/03\/07\/secretaria-de-derechos-humanos-realizo-foro-para-la-inclusion-y-no-discriminacion-de-mujeres-y-mujeres-trans-que-viven-con-vih\/","title":{"rendered":"Secretar\u00eda de Derechos Humanos realiz\u00f3 Foro para la inclusi\u00f3n y no discriminaci\u00f3n de mujeres y mujeres trans que viven con VIH"},"content":{"rendered":"\n<p class=\"wp-block-paragraph\"><\/p>\n\n\n\n<p class=\"wp-block-paragraph\"><strong>Quito, Pichincha<\/strong>.- La Secretar\u00eda de Derechos Humanos, a trav\u00e9s de la Subsecretar\u00eda de Diversidades, organiz\u00f3 el Foro \u201cMujeres en Positivo\u201d, en que se abordaron y se dieron a conocer las acciones que realiza esta cartera de Estado y los Ministerios de Salud y de Trabajo para la inclusi\u00f3n y no discriminaci\u00f3n de las mujeres y mujeres trans que viven con VIH.<\/p>\n\n\n\n<p class=\"wp-block-paragraph\">Al foro asistieron representantes de las organizaciones de la sociedad civil como la Asociaci\u00f3n Alfil, Fundaci\u00f3n Matices, OSC Red, Asociaci\u00f3n Vida Mujer y Familia, Lluvia de Arcoiris, CARE, Uni\u00f3n Vida Positivo, Grupo de apoyo positivo para personas y familiares viviendo con VIH, Aseprodemo y Estudiantes de la UCE, quienes tambi\u00e9n plantearon inquietudes a los panelistas.<\/p>\n\n\n\n<p class=\"wp-block-paragraph\">Con fecha 11 de junio de 2021, la Subsecretar\u00eda de Diversidades fue designada como delegada permanente para atender la Asamblea del Mecanismo de Coordinaci\u00f3n Pa\u00eds de Lucha contra el VIH\/sida, la tuberculosis y la malaria.<\/p>\n\n\n\n<p class=\"wp-block-paragraph\">Adicionalmente, Ecuador participa a trav\u00e9s de la Secretar\u00eda de Derechos Humanos, en el Mecanismo de Coordinaci\u00f3n Pa\u00eds Ecuador (MCP) de Lucha contra el Sida, la Tuberculosis y Malaria; en el Comit\u00e9 Ecuatoriano Multisectorial del Sida (CEMSIDA) y en la Alianza Mundial de Acciones para Eliminar Todas las Formas de Estigma y Discriminaci\u00f3n relacionadas con el VIH.<\/p>\n\n\n\n<p class=\"wp-block-paragraph\">Para lograr el mayor alcance, el Foro se transmiti\u00f3 a trav\u00e9s de plataformas digitales para que se conozcan los planteamientos y se genere la participaci\u00f3n en las pol\u00edticas p\u00fablicas en garant\u00eda de derechos para esta poblaci\u00f3n doblemente vulnerable.<\/p>\n","protected":false},"excerpt":{"rendered":"<p class=\"excerpt\">Quito, Pichincha.- La Secretar\u00eda de Derechos Humanos, a trav\u00e9s de la Subsecretar\u00eda de Diversidades, organiz\u00f3 el Foro \u201cMujeres en Positivo\u201d, en que se abordaron y se dieron a conocer las acciones que realiza esta cartera de Estado y los Ministerios de Salud y de Trabajo para la inclusi\u00f3n y no discriminaci\u00f3n de las mujeres y mujeres trans que viven con&hellip; <a href=\"https:\/\/www.ministeriodegobierno.gob.ec\/derechoshumanos\/2022\/03\/07\/secretaria-de-derechos-humanos-realizo-foro-para-la-inclusion-y-no-discriminacion-de-mujeres-y-mujeres-trans-que-viven-con-vih\/\">Read more &rarr;<\/a><\/p>\n","protected":false},"author":6,"featured_media":11899,"comment_status":"closed","ping_status":"closed","sticky":false,"template":"","format":"standard","meta":{"footnotes":""},"categories":[20,5,6],"tags":[],"class_list":["post-11898","post","type-post","status-publish","format-standard","has-post-thumbnail","hentry","category-boletin-de-prensa","category-noticias","category-noticias-destacadas","xfolkentry"],"_links":{"self":[{"href":"https:\/\/www.ministeriodegobierno.gob.ec\/derechoshumanos\/wp-json\/wp\/v2\/posts\/11898","targetHints":{"allow":["GET"]}}],"collection":[{"href":"https:\/\/www.ministeriodegobierno.gob.ec\/derechoshumanos\/wp-json\/wp\/v2\/posts"}],"about":[{"href":"https:\/\/www.ministeriodegobierno.gob.ec\/derechoshumanos\/wp-json\/wp\/v2\/types\/post"}],"author":[{"embeddable":true,"href":"https:\/\/www.ministeriodegobierno.gob.ec\/derechoshumanos\/wp-json\/wp\/v2\/users\/6"}],"replies":[{"embeddable":true,"href":"https:\/\/www.ministeriodegobierno.gob.ec\/derechoshumanos\/wp-json\/wp\/v2\/comments?post=11898"}],"version-history":[{"count":1,"href":"https:\/\/www.ministeriodegobierno.gob.ec\/derechoshumanos\/wp-json\/wp\/v2\/posts\/11898\/revisions"}],"predecessor-version":[{"id":11900,"href":"https:\/\/www.ministeriodegobierno.gob.ec\/derechoshumanos\/wp-json\/wp\/v2\/posts\/11898\/revisions\/11900"}],"wp:featuredmedia":[{"embeddable":true,"href":"https:\/\/www.ministeriodegobierno.gob.ec\/derechoshumanos\/wp-json\/wp\/v2\/media\/11899"}],"wp:attachment":[{"href":"https:\/\/www.ministeriodegobierno.gob.ec\/derechoshumanos\/wp-json\/wp\/v2\/media?parent=11898"}],"wp:term":[{"taxonomy":"category","embeddable":true,"href":"https:\/\/www.ministeriodegobierno.gob.ec\/derechoshumanos\/wp-json\/wp\/v2\/categories?post=11898"},{"taxonomy":"post_tag","embeddable":true,"href":"https:\/\/www.ministeriodegobierno.gob.ec\/derechoshumanos\/wp-json\/wp\/v2\/tags?post=11898"}],"curies":[{"name":"wp","href":"https:\/\/api.w.org\/{rel}","templated":true}]}}