{"id":11907,"date":"2022-03-10T11:12:26","date_gmt":"2022-03-10T16:12:26","guid":{"rendered":"https:\/\/www.derechoshumanos.gob.ec\/?p=11907"},"modified":"2022-03-10T11:12:27","modified_gmt":"2022-03-10T16:12:27","slug":"el-directorio-del-organismo-tecnico-del-sistema-nacional-de-rehabilitacion-social-recibe-a-la-comision-de-dialogo-penitenciario-y-pacificacion-en-guayaquil","status":"publish","type":"post","link":"https:\/\/www.ministeriodegobierno.gob.ec\/derechoshumanos\/2022\/03\/10\/el-directorio-del-organismo-tecnico-del-sistema-nacional-de-rehabilitacion-social-recibe-a-la-comision-de-dialogo-penitenciario-y-pacificacion-en-guayaquil\/","title":{"rendered":"El Directorio del Organismo T\u00e9cnico del Sistema Nacional de Rehabilitaci\u00f3n Social recibe a la Comisi\u00f3n de Di\u00e1logo Penitenciario y Pacificaci\u00f3n en Guayaquil"},"content":{"rendered":"\n<p class=\"wp-block-paragraph\"><\/p>\n\n\n\n<p class=\"wp-block-paragraph\">Este jueves 10 de marzo, el Directorio del Organismo T\u00e9cnico del Sistema Nacional de Rehabilitaci\u00f3n recibir\u00e1 a la Comisi\u00f3n de Di\u00e1logo Penitenciario y Pacificaci\u00f3n, presidida por Nelsa Curbelo.<\/p>\n\n\n\n<p class=\"wp-block-paragraph\">La reuni\u00f3n, que tendr\u00e1 el car\u00e1cter de reservado, tiene el objetivo de articular acciones desde las dos instancias a fin de lograr los objetivos del Gobierno Nacional de control de los centros de privaci\u00f3n de libertad y&nbsp; una verdadera rehabilitaci\u00f3n para las Personas Privadas de Libertad (PPL), cumpliendo con su primera acci\u00f3n que es el Censo Penitenciario.<\/p>\n\n\n\n<p class=\"wp-block-paragraph\">El 21 de febrero pasado, el Directorio del Organismo T\u00e9cnico present\u00f3 la Pol\u00edtica P\u00fablica del Sistema de Rehabilitaci\u00f3n, con enfoque en derechos humanos, primera en su tipo en Ecuador. La Pol\u00edtica tiene 12 ejes que incluyen empleo, deporte, cultura, educaci\u00f3n y salud y construida de manera participativa con organizaciones sociales, PPL&nbsp; y sus familiares y Cooperaci\u00f3n Internacional.<\/p>\n\n\n\n<p class=\"wp-block-paragraph\">La Comisi\u00f3n de Pacificaci\u00f3n est\u00e1 compuesta por nueve expertos y se conform\u00f3 mediante Decreto Ejecutivo 265 el pasado 16 de diciembre con la responsabilidad de presentar un informe para generar estrategias, programas y planes para fortalecer el Sistema de Rehabilitaci\u00f3n Social.<\/p>\n","protected":false},"excerpt":{"rendered":"<p class=\"excerpt\">Este jueves 10 de marzo, el Directorio del Organismo T\u00e9cnico del Sistema Nacional de Rehabilitaci\u00f3n recibir\u00e1 a la Comisi\u00f3n de Di\u00e1logo Penitenciario y Pacificaci\u00f3n, presidida por Nelsa Curbelo. La reuni\u00f3n, que tendr\u00e1 el car\u00e1cter de reservado, tiene el objetivo de articular acciones desde las dos instancias a fin de lograr los objetivos del Gobierno Nacional de control de los centros&hellip; <a href=\"https:\/\/www.ministeriodegobierno.gob.ec\/derechoshumanos\/2022\/03\/10\/el-directorio-del-organismo-tecnico-del-sistema-nacional-de-rehabilitacion-social-recibe-a-la-comision-de-dialogo-penitenciario-y-pacificacion-en-guayaquil\/\">Read more &rarr;<\/a><\/p>\n","protected":false},"author":6,"featured_media":0,"comment_status":"closed","ping_status":"closed","sticky":false,"template":"","format":"standard","meta":{"footnotes":""},"categories":[20,5,6],"tags":[],"class_list":["post-11907","post","type-post","status-publish","format-standard","hentry","category-boletin-de-prensa","category-noticias","category-noticias-destacadas","xfolkentry"],"_links":{"self":[{"href":"https:\/\/www.ministeriodegobierno.gob.ec\/derechoshumanos\/wp-json\/wp\/v2\/posts\/11907","targetHints":{"allow":["GET"]}}],"collection":[{"href":"https:\/\/www.ministeriodegobierno.gob.ec\/derechoshumanos\/wp-json\/wp\/v2\/posts"}],"about":[{"href":"https:\/\/www.ministeriodegobierno.gob.ec\/derechoshumanos\/wp-json\/wp\/v2\/types\/post"}],"author":[{"embeddable":true,"href":"https:\/\/www.ministeriodegobierno.gob.ec\/derechoshumanos\/wp-json\/wp\/v2\/users\/6"}],"replies":[{"embeddable":true,"href":"https:\/\/www.ministeriodegobierno.gob.ec\/derechoshumanos\/wp-json\/wp\/v2\/comments?post=11907"}],"version-history":[{"count":1,"href":"https:\/\/www.ministeriodegobierno.gob.ec\/derechoshumanos\/wp-json\/wp\/v2\/posts\/11907\/revisions"}],"predecessor-version":[{"id":11908,"href":"https:\/\/www.ministeriodegobierno.gob.ec\/derechoshumanos\/wp-json\/wp\/v2\/posts\/11907\/revisions\/11908"}],"wp:attachment":[{"href":"https:\/\/www.ministeriodegobierno.gob.ec\/derechoshumanos\/wp-json\/wp\/v2\/media?parent=11907"}],"wp:term":[{"taxonomy":"category","embeddable":true,"href":"https:\/\/www.ministeriodegobierno.gob.ec\/derechoshumanos\/wp-json\/wp\/v2\/categories?post=11907"},{"taxonomy":"post_tag","embeddable":true,"href":"https:\/\/www.ministeriodegobierno.gob.ec\/derechoshumanos\/wp-json\/wp\/v2\/tags?post=11907"}],"curies":[{"name":"wp","href":"https:\/\/api.w.org\/{rel}","templated":true}]}}