{"id":11927,"date":"2022-03-11T12:32:39","date_gmt":"2022-03-11T17:32:39","guid":{"rendered":"https:\/\/www.derechoshumanos.gob.ec\/?p=11927"},"modified":"2022-03-11T12:32:39","modified_gmt":"2022-03-11T17:32:39","slug":"secretaria-de-derechos-humanos-recibe-reconocimiento-del-m-i-municipio-de-guayaquil","status":"publish","type":"post","link":"https:\/\/www.ministeriodegobierno.gob.ec\/derechoshumanos\/2022\/03\/11\/secretaria-de-derechos-humanos-recibe-reconocimiento-del-m-i-municipio-de-guayaquil\/","title":{"rendered":"<strong>Secretaria de Derechos Humanos recibe reconocimiento del M. I. Municipio de Guayaquil<\/strong>"},"content":{"rendered":"\n<p class=\"wp-block-paragraph\"><strong>Guayaquil, Guayas.-<\/strong> El Concejo Cantonal de Protecci\u00f3n Integral de Derechos de Guayaquil, dependencia del M. I. Municipio de Guayaquil resolvi\u00f3 homenajear a Bernarda Ord\u00f3\u00f1ez Moscoso, Secretaria de Derechos Humanos, dentro de la 6ta Edici\u00f3n de la entrega del Reconocimiento \u201cGuayaquile\u00f1a: Arte &amp; Trabajo\u201d, \u201cMujeres con \u00d1eque\u201d, que realiza el cabildo en el marco del mes de la mujer.<\/p>\n\n\n\n<p class=\"wp-block-paragraph\">La Secretaria es la funcionaria con rango de Ministra m\u00e1s joven del Gobierno Nacional y ha dedicado su vida a la defensa de los derechos humanos y es especialista en derechos de ni\u00f1as y mujeres.<\/p>\n\n\n\n<p class=\"wp-block-paragraph\">Dentro de las acciones desarrolladas en su gesti\u00f3n, que inici\u00f3 el 24 de mayo de 2021, se destaca la implementaci\u00f3n del proyecto Centros Violeta, el primero ser\u00e1 en Guayaquil, gracias al convenio suscrito con la Alcaldesa de Guayaquil, Cynthia Viteri. Los&nbsp; Centros Violeta son espacios de atenci\u00f3n integral a ni\u00f1as, ni\u00f1os, adolescentes y mujeres sobrevivientes de violencia.<\/p>\n\n\n\n<p class=\"wp-block-paragraph\">En este a\u00f1o, el Concejo Cantonal resolvi\u00f3 reconocer a trece mujeres con este galard\u00f3n que rinde homenaje a las ciudadanas que, con su dedicaci\u00f3n, trabajo, lucha y empe\u00f1o, contribuyen de forma activa al desarrollo de Guayaquil y del pa\u00eds.<\/p>\n","protected":false},"excerpt":{"rendered":"<p class=\"excerpt\">Guayaquil, Guayas.- El Concejo Cantonal de Protecci\u00f3n Integral de Derechos de Guayaquil, dependencia del M. I. Municipio de Guayaquil resolvi\u00f3 homenajear a Bernarda Ord\u00f3\u00f1ez Moscoso, Secretaria de Derechos Humanos, dentro de la 6ta Edici\u00f3n de la entrega del Reconocimiento \u201cGuayaquile\u00f1a: Arte &amp; Trabajo\u201d, \u201cMujeres con \u00d1eque\u201d, que realiza el cabildo en el marco del mes de la mujer. La Secretaria&hellip; <a href=\"https:\/\/www.ministeriodegobierno.gob.ec\/derechoshumanos\/2022\/03\/11\/secretaria-de-derechos-humanos-recibe-reconocimiento-del-m-i-municipio-de-guayaquil\/\">Read more &rarr;<\/a><\/p>\n","protected":false},"author":6,"featured_media":11928,"comment_status":"closed","ping_status":"closed","sticky":false,"template":"","format":"standard","meta":{"footnotes":""},"categories":[20,5,6],"tags":[],"class_list":["post-11927","post","type-post","status-publish","format-standard","has-post-thumbnail","hentry","category-boletin-de-prensa","category-noticias","category-noticias-destacadas","xfolkentry"],"_links":{"self":[{"href":"https:\/\/www.ministeriodegobierno.gob.ec\/derechoshumanos\/wp-json\/wp\/v2\/posts\/11927","targetHints":{"allow":["GET"]}}],"collection":[{"href":"https:\/\/www.ministeriodegobierno.gob.ec\/derechoshumanos\/wp-json\/wp\/v2\/posts"}],"about":[{"href":"https:\/\/www.ministeriodegobierno.gob.ec\/derechoshumanos\/wp-json\/wp\/v2\/types\/post"}],"author":[{"embeddable":true,"href":"https:\/\/www.ministeriodegobierno.gob.ec\/derechoshumanos\/wp-json\/wp\/v2\/users\/6"}],"replies":[{"embeddable":true,"href":"https:\/\/www.ministeriodegobierno.gob.ec\/derechoshumanos\/wp-json\/wp\/v2\/comments?post=11927"}],"version-history":[{"count":1,"href":"https:\/\/www.ministeriodegobierno.gob.ec\/derechoshumanos\/wp-json\/wp\/v2\/posts\/11927\/revisions"}],"predecessor-version":[{"id":11930,"href":"https:\/\/www.ministeriodegobierno.gob.ec\/derechoshumanos\/wp-json\/wp\/v2\/posts\/11927\/revisions\/11930"}],"wp:featuredmedia":[{"embeddable":true,"href":"https:\/\/www.ministeriodegobierno.gob.ec\/derechoshumanos\/wp-json\/wp\/v2\/media\/11928"}],"wp:attachment":[{"href":"https:\/\/www.ministeriodegobierno.gob.ec\/derechoshumanos\/wp-json\/wp\/v2\/media?parent=11927"}],"wp:term":[{"taxonomy":"category","embeddable":true,"href":"https:\/\/www.ministeriodegobierno.gob.ec\/derechoshumanos\/wp-json\/wp\/v2\/categories?post=11927"},{"taxonomy":"post_tag","embeddable":true,"href":"https:\/\/www.ministeriodegobierno.gob.ec\/derechoshumanos\/wp-json\/wp\/v2\/tags?post=11927"}],"curies":[{"name":"wp","href":"https:\/\/api.w.org\/{rel}","templated":true}]}}