{"id":11952,"date":"2022-03-17T19:10:30","date_gmt":"2022-03-18T00:10:30","guid":{"rendered":"https:\/\/www.derechoshumanos.gob.ec\/?p=11952"},"modified":"2022-03-25T15:15:00","modified_gmt":"2022-03-25T20:15:00","slug":"rendicion-de-cuentas-2021","status":"publish","type":"post","link":"https:\/\/www.ministeriodegobierno.gob.ec\/derechoshumanos\/2022\/03\/17\/rendicion-de-cuentas-2021\/","title":{"rendered":"RENDICI\u00d3N DE CUENTAS 2021"},"content":{"rendered":"\n<p class=\"wp-block-paragraph\">En cumplimiento a lo dispuesto en la Constituci\u00f3n de la Rep\u00fablica, la Ley Org\u00e1nica de Participaci\u00f3n Ciudadana (LOPC), la Ley Org\u00e1nica del Consejo de Participaci\u00f3n Ciudadana y Control Social (LOCPCCS), adem\u00e1s de la normativa expedida por el Consejo de Participaci\u00f3n Ciudadana y Control Social (CPCCS).<\/p>\n\n\n\n<p class=\"wp-block-paragraph\"><strong>F-0 Fase 0 <\/strong><\/p>\n\n\n\n<ul class=\"wp-block-list\"><li>RESOLUCI\u00d3N CONSEJO DE PARTICIPACI\u00d3N CIUDADANA Y CONTROL SOCIAL<\/li><li>EQUIPO DE RENDICI\u00d3N DE CUENTAS<\/li><li>DISE\u00d1O DE LA PROPUESTA DEL PROCESO DE RENDICI\u00d3N DE CUENTAS<\/li><\/ul>\n\n\n\n<p class=\"wp-block-paragraph\"><strong>F-1 Fase<\/strong> <strong>1<\/strong><\/p>\n\n\n\n<ul class=\"wp-block-list\"><li>INFORME PRELIMINAR DE RENDICI\u00d3N DE CUENTAS 2021 <a href=\"https:\/\/www.ministeriodegobierno.gob.ec\/derechoshumanos\/wp-content\/uploads\/2022\/03\/Preliminar-Informe-de-Rendicio\u0301n-de-Cuentas-2021-SDH.pdf\">DESCARGAR<\/a><\/li><li>FORMULARIO RENDICI\u00d3N DE CUENTAS 2021 PRELIMINAR <a href=\"https:\/\/www.ministeriodegobierno.gob.ec\/derechoshumanos\/wp-content\/uploads\/2022\/03\/FORMULARIO-RENDICION-DE-CUENTAS-2021_PRELIMINAR.pdf\">DESCARGAR<\/a><\/li><\/ul>\n\n\n\n<p class=\"wp-block-paragraph\"><strong>F-2-3 Fase 2,3<\/strong><\/p>\n\n\n\n<ul class=\"wp-block-list\"><li>INVITACI\u00d3N AL EVENTO DE RENDICI\u00d3N DE CUENTAS 2021<\/li><li>INFORME Y PRESENTACI\u00d3N FINAL DE RENDICI\u00d3N DE CUENTAS 2021<\/li><li>INFORME DE RENDICI\u00d3N DE CUENTAS 2021 PRESENTADO AL CPCCS<\/li><\/ul>\n\n\n\n<p class=\"wp-block-paragraph\"><a href=\"https:\/\/www.salud.gob.ec\/wp-content\/uploads\/2022\/03\/botones-2-02-1.png\"><\/a><\/p>\n","protected":false},"excerpt":{"rendered":"<p class=\"excerpt\">En cumplimiento a lo dispuesto en la Constituci\u00f3n de la Rep\u00fablica, la Ley Org\u00e1nica de Participaci\u00f3n Ciudadana (LOPC), la Ley Org\u00e1nica del Consejo de Participaci\u00f3n Ciudadana y Control Social (LOCPCCS), adem\u00e1s de la normativa expedida por el Consejo de Participaci\u00f3n Ciudadana y Control Social (CPCCS). F-0 Fase 0 RESOLUCI\u00d3N CONSEJO DE PARTICIPACI\u00d3N CIUDADANA Y CONTROL SOCIAL EQUIPO DE RENDICI\u00d3N DE&hellip; <a href=\"https:\/\/www.ministeriodegobierno.gob.ec\/derechoshumanos\/2022\/03\/17\/rendicion-de-cuentas-2021\/\">Read more &rarr;<\/a><\/p>\n","protected":false},"author":10,"featured_media":0,"comment_status":"closed","ping_status":"closed","sticky":false,"template":"","format":"standard","meta":{"footnotes":""},"categories":[19,5],"tags":[],"class_list":["post-11952","post","type-post","status-publish","format-standard","hentry","category-la-secretaria","category-noticias","xfolkentry"],"_links":{"self":[{"href":"https:\/\/www.ministeriodegobierno.gob.ec\/derechoshumanos\/wp-json\/wp\/v2\/posts\/11952","targetHints":{"allow":["GET"]}}],"collection":[{"href":"https:\/\/www.ministeriodegobierno.gob.ec\/derechoshumanos\/wp-json\/wp\/v2\/posts"}],"about":[{"href":"https:\/\/www.ministeriodegobierno.gob.ec\/derechoshumanos\/wp-json\/wp\/v2\/types\/post"}],"author":[{"embeddable":true,"href":"https:\/\/www.ministeriodegobierno.gob.ec\/derechoshumanos\/wp-json\/wp\/v2\/users\/10"}],"replies":[{"embeddable":true,"href":"https:\/\/www.ministeriodegobierno.gob.ec\/derechoshumanos\/wp-json\/wp\/v2\/comments?post=11952"}],"version-history":[{"count":13,"href":"https:\/\/www.ministeriodegobierno.gob.ec\/derechoshumanos\/wp-json\/wp\/v2\/posts\/11952\/revisions"}],"predecessor-version":[{"id":12060,"href":"https:\/\/www.ministeriodegobierno.gob.ec\/derechoshumanos\/wp-json\/wp\/v2\/posts\/11952\/revisions\/12060"}],"wp:attachment":[{"href":"https:\/\/www.ministeriodegobierno.gob.ec\/derechoshumanos\/wp-json\/wp\/v2\/media?parent=11952"}],"wp:term":[{"taxonomy":"category","embeddable":true,"href":"https:\/\/www.ministeriodegobierno.gob.ec\/derechoshumanos\/wp-json\/wp\/v2\/categories?post=11952"},{"taxonomy":"post_tag","embeddable":true,"href":"https:\/\/www.ministeriodegobierno.gob.ec\/derechoshumanos\/wp-json\/wp\/v2\/tags?post=11952"}],"curies":[{"name":"wp","href":"https:\/\/api.w.org\/{rel}","templated":true}]}}