{"id":12042,"date":"2022-03-21T13:33:51","date_gmt":"2022-03-21T18:33:51","guid":{"rendered":"https:\/\/www.derechoshumanos.gob.ec\/?p=12042"},"modified":"2022-03-21T14:54:40","modified_gmt":"2022-03-21T19:54:40","slug":"bernarda-ordonez-moscoso-cumplio-agenda-en-estados-unidos-para-fortalecer-la-cooperacion-internacional-en-materia-de-derechos-humanos","status":"publish","type":"post","link":"https:\/\/www.ministeriodegobierno.gob.ec\/derechoshumanos\/2022\/03\/21\/bernarda-ordonez-moscoso-cumplio-agenda-en-estados-unidos-para-fortalecer-la-cooperacion-internacional-en-materia-de-derechos-humanos\/","title":{"rendered":"Bernarda Ord\u00f3\u00f1ez Moscoso cumpli\u00f3 agenda en Estados Unidos para articular acciones de trabajo por los derechos humanos"},"content":{"rendered":"\n<p class=\"wp-block-paragraph\"><\/p>\n\n\n\n<p class=\"wp-block-paragraph\"><strong>Quito, Ecuador.-<\/strong> La Secretaria de Derechos Humanos, de Bernarda Ord\u00f3\u00f1ez Moscoso lider\u00f3 la misi\u00f3n de Ecuador en la 66o. sesi\u00f3n de la Comisi\u00f3n de la Condici\u00f3n Social y Jur\u00eddica de la Mujer que se desarroll\u00f3 en Nueva York, donde habl\u00f3 sobre las iniciativas del Gobierno ecuatoriano para el empoderamiento econ\u00f3mico de las mujeres y su inclusi\u00f3n en el mercado laboral, como herramienta de independencia y de equidad.<\/p>\n\n\n\n<p class=\"wp-block-paragraph\">En su intervenci\u00f3n en la discusi\u00f3n general &nbsp;se\u00f1al\u00f3 que \u201cdesde el Gobierno Nacional hemos asumido una pol\u00edtica que prioriza el bienestar de las ni\u00f1as y mujeres a trav\u00e9s del decreto presidencial 628 firmado el 25 de noviembre del 2021, con una visi\u00f3n desde los cuidados, la atenci\u00f3n integral y la reducci\u00f3n de brechas de desigualdad que sufre lamentablemente Am\u00e9rica Latina y el mundo\u201d.<\/p>\n\n\n\n<p class=\"wp-block-paragraph\">Adem\u00e1s, la m\u00e1xima autoridad de esta Cartera de Estado manifest\u00f3 que en cumplimiento de los Objetivos de Desarrollo Sostenible y la Agenda 2030, la Secretar\u00eda de Derechos Humanos trabaja en la prevenci\u00f3n y erradicaci\u00f3n de la violencia basada en g\u00e9nero de manera descentralizada y con pertinencia cultural y territorial, bajo la meta femicidio cero, siendo esta una de las inversiones m\u00e1s importantes del Estado.<\/p>\n\n\n\n<p class=\"wp-block-paragraph\">Tambi\u00e9n como parte de las actividades se reuni\u00f3 con Reem Alsalem, Relatora Especial de las Naciones Unidas sobre violencia contra la mujer, con quien articul\u00f3 acciones para trabajar de manera conjunta por los derechos de las ni\u00f1as y mujeres del Ecuador y coordinamos una posible visita de la Relatora a Ecuador. Asimismo, dialog\u00f3 con Carmen Vel\u00e1squez, Presidenta de la Corte Suprema del Estado de Nueva York, ecuatoriana que lidera acciones de ayuda para las familias migrantes, mediante la \u201cBrigada de Esperanza\u201d.<\/p>\n\n\n\n<p class=\"wp-block-paragraph\">Otra de las visitas que cumpli\u00f3 fue a Women Deliver, organizaci\u00f3n defensora de la igualdad de g\u00e9nero, salud y los derechos de las ni\u00f1as y las mujeres en el mundo, donde la Secretaria fue becaria en el a\u00f1o 2016, \u201cme siento muy contenta de compartirles este encuentro y de trabajar para que m\u00e1s j\u00f3venes se unan a este programa\u201d.<\/p>\n\n\n\n<p class=\"wp-block-paragraph\">En Washington, dialog\u00f3 con Ana Isabel Garita y Beatriz Pi\u00f1eres de la Comisi\u00f3n Interamericana de Mujeres de la Organizaci\u00f3n de Estados Americanos para desarrollar herramientas de empoderamiento econ\u00f3mico para las mujeres.<\/p>\n\n\n\n<p class=\"wp-block-paragraph\">Trabajamos en un proyecto de cooperaci\u00f3n t\u00e9cnica y de seguimiento al informe de la visita insitu de la Comisi\u00f3n Interamericana de Derechos Humanos (CIDH) al sistema penitenciario, por eso convers\u00f3 con Tania Reneaum y Mar\u00eda Claudia Pulido para el fortalecimiento de la institucionalidad del sistema penitenciario, la construcci\u00f3n de una plataforma informativa con datos en tiempo real, que inicia con un censo penitenciario integral y el impulso para un verdadero proceso de rehabilitaci\u00f3n social con una pol\u00edtica p\u00fablica con enfoque de Derechos&nbsp; Humanos.<\/p>\n\n\n\n<p class=\"wp-block-paragraph\"><\/p>\n\n\n\n<p class=\"wp-block-paragraph\">Con Michael Eddy administrador Asistente Adjunto de la Oficina para Am\u00e9rica Latina y el Caribe de USAID y Susana Grau compartieron criterios para promover el desarrollo econ\u00f3mico de las mujeres y fortalecer el eje social.<\/p>\n\n\n\n<p class=\"wp-block-paragraph\">En Newark, se reuni\u00f3 con la Vicealcaldesa, Ligia De Freitas con quien intercambiaron experiencias para impulsar el empoderamiento y la libertad econ\u00f3mica en las mujeres migrantes de nuestro pa\u00eds, en los Estados de Nueva Jersey y de Pennsylvania hay una comunidades&nbsp; aproximadamente 250.000 ecuatorianos. De ellos, 40% son mujeres. Las principales zonas de origen son Ca\u00f1ar, Azuay, Chimborazo y Guayas. Las principales \u00e1reas de trabajo que ocupan a los ecuatorianos en estos Estados son la construcci\u00f3n, los servicios, la log\u00edstica, el transporte y la manufactura, por eso se prev\u00e9 que el proyecto de Centros Violeta llegue a la comunidad migrante. Como parte de los compromisos la Vivealcaldesa visitar\u00e1 Cuenca en el mes de agosto.<\/p>\n\n\n\n<p class=\"wp-block-paragraph\">Luego recorri\u00f3 el Centro de Recursos para Mujeres Shani Baraka que trabaja para brindar apoyo a mujeres y ni\u00f1as sobrevivientes de violencias, el objetivo de este centro es la atenci\u00f3n, protecci\u00f3n y empoderamiento a mujeres de todas las edades en Newark, Nueva Jersey, enfocado en grupos prioritarios o de mayor vulnerabilidad, como es la comunidad migrante.<\/p>\n\n\n\n<p class=\"wp-block-paragraph\">La cooperaci\u00f3n internacional es fundamental para promover planes y proyectos para alcanzar una sociedad equitativa e igualitaria, esta instituci\u00f3n continuar\u00e1 trabajando por la garant\u00eda de los derechos de las ni\u00f1as y mujeres y lograr una vida libre de violencia.<\/p>\n","protected":false},"excerpt":{"rendered":"<p class=\"excerpt\">Quito, Ecuador.- La Secretaria de Derechos Humanos, de Bernarda Ord\u00f3\u00f1ez Moscoso lider\u00f3 la misi\u00f3n de Ecuador en la 66o. sesi\u00f3n de la Comisi\u00f3n de la Condici\u00f3n Social y Jur\u00eddica de la Mujer que se desarroll\u00f3 en Nueva York, donde habl\u00f3 sobre las iniciativas del Gobierno ecuatoriano para el empoderamiento econ\u00f3mico de las mujeres y su inclusi\u00f3n en el mercado laboral,&hellip; <a href=\"https:\/\/www.ministeriodegobierno.gob.ec\/derechoshumanos\/2022\/03\/21\/bernarda-ordonez-moscoso-cumplio-agenda-en-estados-unidos-para-fortalecer-la-cooperacion-internacional-en-materia-de-derechos-humanos\/\">Read more &rarr;<\/a><\/p>\n","protected":false},"author":6,"featured_media":12043,"comment_status":"closed","ping_status":"closed","sticky":false,"template":"","format":"standard","meta":{"footnotes":""},"categories":[20,5,6],"tags":[],"class_list":["post-12042","post","type-post","status-publish","format-standard","has-post-thumbnail","hentry","category-boletin-de-prensa","category-noticias","category-noticias-destacadas","xfolkentry"],"_links":{"self":[{"href":"https:\/\/www.ministeriodegobierno.gob.ec\/derechoshumanos\/wp-json\/wp\/v2\/posts\/12042","targetHints":{"allow":["GET"]}}],"collection":[{"href":"https:\/\/www.ministeriodegobierno.gob.ec\/derechoshumanos\/wp-json\/wp\/v2\/posts"}],"about":[{"href":"https:\/\/www.ministeriodegobierno.gob.ec\/derechoshumanos\/wp-json\/wp\/v2\/types\/post"}],"author":[{"embeddable":true,"href":"https:\/\/www.ministeriodegobierno.gob.ec\/derechoshumanos\/wp-json\/wp\/v2\/users\/6"}],"replies":[{"embeddable":true,"href":"https:\/\/www.ministeriodegobierno.gob.ec\/derechoshumanos\/wp-json\/wp\/v2\/comments?post=12042"}],"version-history":[{"count":6,"href":"https:\/\/www.ministeriodegobierno.gob.ec\/derechoshumanos\/wp-json\/wp\/v2\/posts\/12042\/revisions"}],"predecessor-version":[{"id":12054,"href":"https:\/\/www.ministeriodegobierno.gob.ec\/derechoshumanos\/wp-json\/wp\/v2\/posts\/12042\/revisions\/12054"}],"wp:featuredmedia":[{"embeddable":true,"href":"https:\/\/www.ministeriodegobierno.gob.ec\/derechoshumanos\/wp-json\/wp\/v2\/media\/12043"}],"wp:attachment":[{"href":"https:\/\/www.ministeriodegobierno.gob.ec\/derechoshumanos\/wp-json\/wp\/v2\/media?parent=12042"}],"wp:term":[{"taxonomy":"category","embeddable":true,"href":"https:\/\/www.ministeriodegobierno.gob.ec\/derechoshumanos\/wp-json\/wp\/v2\/categories?post=12042"},{"taxonomy":"post_tag","embeddable":true,"href":"https:\/\/www.ministeriodegobierno.gob.ec\/derechoshumanos\/wp-json\/wp\/v2\/tags?post=12042"}],"curies":[{"name":"wp","href":"https:\/\/api.w.org\/{rel}","templated":true}]}}