{"id":12201,"date":"2022-03-31T17:19:26","date_gmt":"2022-03-31T22:19:26","guid":{"rendered":"https:\/\/www.derechoshumanos.gob.ec\/?p=12201"},"modified":"2022-03-31T17:33:32","modified_gmt":"2022-03-31T22:33:32","slug":"secretaria-de-derechos-humanos-conmemoro-el-dia-de-la-visibilidad-trans-con-la-presentacion-de-proyecto-de-prevencion-de-violencias","status":"publish","type":"post","link":"https:\/\/www.ministeriodegobierno.gob.ec\/derechoshumanos\/2022\/03\/31\/secretaria-de-derechos-humanos-conmemoro-el-dia-de-la-visibilidad-trans-con-la-presentacion-de-proyecto-de-prevencion-de-violencias\/","title":{"rendered":"<strong>Secretar\u00eda de Derechos Humanos conmemor\u00f3 el D\u00eda de la Visibilidad Trans con la presentaci\u00f3n de proyecto de prevenci\u00f3n de violencias<\/strong>"},"content":{"rendered":"\n<p class=\"wp-block-paragraph\"><\/p>\n\n\n\n<p class=\"wp-block-paragraph\">Bajo el lema \u201cEl Ecuador Diverso se consolida\u201d, la Secretar\u00eda de Derechos Humanos conmemor\u00f3 hoy el D\u00eda Internacional de la Visibilidad Trans con un evento que cont\u00f3 con representantes de las organizaciones sociales, de carteras de Estado y p\u00fablico en general en que se dio a conocer el proyecto <strong>\u201cPrevenci\u00f3n de las violencias \u00a0con \u00e9nfasis en empoderamiento econ\u00f3mico dirigido a la poblaci\u00f3n LGBTI+\u00a0 y poblaci\u00f3n vulnerable\u201d,<\/strong> que contempla acciones especializadas para mujeres trans. Con un presupuesto de 12 millones de d\u00f3lares para cuatro a\u00f1os de ejecuci\u00f3n, en que se alcanzar\u00e1 a 20.000 sobrevivientes de violencias basadas en g\u00e9nero, discriminaci\u00f3n por orientaci\u00f3n sexual y\/o canon corporal.<\/p>\n\n\n\n<p class=\"wp-block-paragraph\">Tras resaltar que contar con la Subsecretar\u00eda de Diversidades desde junio pasado, encargada de construir una pol\u00edtica que garantice los derechos de la poblaci\u00f3n LGBTI+, Bernarda Ord\u00f3\u00f1ez Moscoso, Secretaria de Derechos Humanos, se\u00f1al\u00f3 que el proyecto tiene como objetivo brindar las herramientas necesarias para superar las condiciones hist\u00f3ricas de desigualdad con la promoci\u00f3n del acceso a oportunidades de aprendizaje y fortalecimiento de capacidades para alcanzar la libertad econ\u00f3mica, como proceso efectivo para salir de los c\u00edrculos de la explotaci\u00f3n sexual.<\/p>\n\n\n\n<p class=\"wp-block-paragraph\">Que las personas trans identifiquen si se encuentran en c\u00edrculos de violencia y discriminaci\u00f3n, que fortalezcan sus redes de apoyo y activen mecanismos de proyecci\u00f3n son parte de los objetivos de la iniciativa y con ese enfoque, el evento cont\u00f3 con la presencia de stands del Ministerio de Trabajo, de la Defensor\u00eda del Pueblo y de los Servicios de Protecci\u00f3n Integral de la Secretar\u00eda, a fin de que los asistentes conozcan las prestaciones que ofrecen.<\/p>\n\n\n\n<p class=\"wp-block-paragraph\">Samay Andy, representante de la poblaci\u00f3n trans, reconoci\u00f3 en su intervenci\u00f3n el trabajo de quienes buscan alcanzar una sociedad libre de violencia y conmin\u00f3 a las autoridades a cumplir con la dura tarea de garantizar derechos.<\/p>\n\n\n\n<p class=\"wp-block-paragraph\">A su vez, Alexander Guano, Subsecretario de Diversidades, destac\u00f3 que el proyecto se implementar\u00e1 en el \u00faltimo trimestre de este a\u00f1o con capacitaciones a nivel nacional. \u201cEstamos conscientes de la deuda social hist\u00f3rica y los desaf\u00edos. Hoy reafirmamos el compromiso para construir un Ecuador diverso que promueve la igualdad como un valor primordial\u201d, finaliz\u00f3 el Subsecretario.<\/p>\n\n\n\n<p class=\"wp-block-paragraph\">En el evento hubo una presentaci\u00f3n art\u00edstica a cargo de Warmishinas \u00d1uca Trans\u201d, primer grupo de danza folcl\u00f3rica Transg\u00e9nero de Ecuador, Este grupo naci\u00f3 en el 2007, justo para presentarse en el desfile del orgullo gay y de la comunidad LGBTI+.<\/p>\n","protected":false},"excerpt":{"rendered":"<p class=\"excerpt\">Bajo el lema \u201cEl Ecuador Diverso se consolida\u201d, la Secretar\u00eda de Derechos Humanos conmemor\u00f3 hoy el D\u00eda Internacional de la Visibilidad Trans con un evento que cont\u00f3 con representantes de las organizaciones sociales, de carteras de Estado y p\u00fablico en general en que se dio a conocer el proyecto \u201cPrevenci\u00f3n de las violencias \u00a0con \u00e9nfasis en empoderamiento econ\u00f3mico dirigido a&hellip; <a href=\"https:\/\/www.ministeriodegobierno.gob.ec\/derechoshumanos\/2022\/03\/31\/secretaria-de-derechos-humanos-conmemoro-el-dia-de-la-visibilidad-trans-con-la-presentacion-de-proyecto-de-prevencion-de-violencias\/\">Read more &rarr;<\/a><\/p>\n","protected":false},"author":6,"featured_media":12202,"comment_status":"closed","ping_status":"closed","sticky":false,"template":"","format":"standard","meta":{"footnotes":""},"categories":[20,5,6],"tags":[],"class_list":["post-12201","post","type-post","status-publish","format-standard","has-post-thumbnail","hentry","category-boletin-de-prensa","category-noticias","category-noticias-destacadas","xfolkentry"],"_links":{"self":[{"href":"https:\/\/www.ministeriodegobierno.gob.ec\/derechoshumanos\/wp-json\/wp\/v2\/posts\/12201","targetHints":{"allow":["GET"]}}],"collection":[{"href":"https:\/\/www.ministeriodegobierno.gob.ec\/derechoshumanos\/wp-json\/wp\/v2\/posts"}],"about":[{"href":"https:\/\/www.ministeriodegobierno.gob.ec\/derechoshumanos\/wp-json\/wp\/v2\/types\/post"}],"author":[{"embeddable":true,"href":"https:\/\/www.ministeriodegobierno.gob.ec\/derechoshumanos\/wp-json\/wp\/v2\/users\/6"}],"replies":[{"embeddable":true,"href":"https:\/\/www.ministeriodegobierno.gob.ec\/derechoshumanos\/wp-json\/wp\/v2\/comments?post=12201"}],"version-history":[{"count":3,"href":"https:\/\/www.ministeriodegobierno.gob.ec\/derechoshumanos\/wp-json\/wp\/v2\/posts\/12201\/revisions"}],"predecessor-version":[{"id":12205,"href":"https:\/\/www.ministeriodegobierno.gob.ec\/derechoshumanos\/wp-json\/wp\/v2\/posts\/12201\/revisions\/12205"}],"wp:featuredmedia":[{"embeddable":true,"href":"https:\/\/www.ministeriodegobierno.gob.ec\/derechoshumanos\/wp-json\/wp\/v2\/media\/12202"}],"wp:attachment":[{"href":"https:\/\/www.ministeriodegobierno.gob.ec\/derechoshumanos\/wp-json\/wp\/v2\/media?parent=12201"}],"wp:term":[{"taxonomy":"category","embeddable":true,"href":"https:\/\/www.ministeriodegobierno.gob.ec\/derechoshumanos\/wp-json\/wp\/v2\/categories?post=12201"},{"taxonomy":"post_tag","embeddable":true,"href":"https:\/\/www.ministeriodegobierno.gob.ec\/derechoshumanos\/wp-json\/wp\/v2\/tags?post=12201"}],"curies":[{"name":"wp","href":"https:\/\/api.w.org\/{rel}","templated":true}]}}