{"id":12208,"date":"2022-04-05T07:33:31","date_gmt":"2022-04-05T12:33:31","guid":{"rendered":"https:\/\/www.derechoshumanos.gob.ec\/?p=12208"},"modified":"2022-04-05T07:33:31","modified_gmt":"2022-04-05T12:33:31","slug":"en-el-centro-forense-de-cuenca-secretaria-de-derechos-humanos-realizo-200-atenciones-de-contencion-emocional-en-dos-dias-de-crisis","status":"publish","type":"post","link":"https:\/\/www.ministeriodegobierno.gob.ec\/derechoshumanos\/2022\/04\/05\/en-el-centro-forense-de-cuenca-secretaria-de-derechos-humanos-realizo-200-atenciones-de-contencion-emocional-en-dos-dias-de-crisis\/","title":{"rendered":"En\u00a0el Centro\u00a0Forense de Cuenca: Secretar\u00eda de Derechos Humanos realiz\u00f3 200 atenciones de contenci\u00f3n emocional en dos d\u00edas de crisis"},"content":{"rendered":"\n<p class=\"wp-block-paragraph\">Un total de 200 atenciones de contenci\u00f3n emocional y primeros auxilios psicol\u00f3gicos ha brindado la Secretar\u00eda de Derechos Humanos desde el domingo en que se desat\u00f3 la crisis en el Centro de Privaci\u00f3n de Libertad Azuay No. 1, como apoyo a 77 familias de las v\u00edctimas.<\/p>\n\n\n\n<p class=\"wp-block-paragraph\">Para el efecto, 25 t\u00e9cnicos de los Servicios de Protecci\u00f3n Integral, llegaron desde Guayaquil, Machala y Loja para reforzar el equipo de Cuenca y brindar un soporte \u00e1gil y oportuno.<\/p>\n\n\n\n<p class=\"wp-block-paragraph\">Bernarda Ord\u00f3\u00f1ez Moscoso, Secretaria de Derechos Humanos, quien ha estado en territorio desde el inicio de los eventos, explic\u00f3 que, para el cumplimiento de las competencias de la Cartera de Estado, se aplica en estos casos el Protocolo de Minnesota para el reconocimiento de los fallecidos, su posterior entrega a los familiares y la dotaci\u00f3n de f\u00e9retros, as\u00ed como el levantamiento de informaci\u00f3n para que las instancias de primera l\u00ednea act\u00faan.<\/p>\n\n\n\n<p class=\"wp-block-paragraph\">La Secretar\u00eda ha coordinado&nbsp;acciones con las entidades competentes&nbsp;para cubrir las responsabilidades establecidas dentro de las lamentables circunstancias presentadas. Hasta el momento se han identificado 17 cuerpos de los cuales 13 han sido entregados a sus familiares en f\u00e9retros gestionados por esta Cartera de Estado. Por otra parte, con el apoyo de Acci\u00f3n Social Municipal, fueron atendidos ocho ni\u00f1os que acompa\u00f1aron a sus madres al Centro Forense de Cuenca y gracias al gremio de Panificadores del Azuay se entregaron 280 refrigerios.<\/p>\n\n\n\n<p class=\"wp-block-paragraph\">La Secretar\u00eda&nbsp;coordin\u00f3 con la Alcald\u00eda de Cuenca traslados hacia las ciudades de Quito y Dur\u00e1n de quienes as\u00ed lo necesitaron. El equipo t\u00e9cnico&nbsp;del Servicio de Protecci\u00f3n Integral permanece en el Centro Forense, atento a brindar la atenci\u00f3n correspondiente a familiares de las v\u00edctimas que llegaron la madrugada de este martes desde Guayaquil, Coca, Santo Domingo y Machala<\/p>\n","protected":false},"excerpt":{"rendered":"<p class=\"excerpt\">Un total de 200 atenciones de contenci\u00f3n emocional y primeros auxilios psicol\u00f3gicos ha brindado la Secretar\u00eda de Derechos Humanos desde el domingo en que se desat\u00f3 la crisis en el Centro de Privaci\u00f3n de Libertad Azuay No. 1, como apoyo a 77 familias de las v\u00edctimas. Para el efecto, 25 t\u00e9cnicos de los Servicios de Protecci\u00f3n Integral, llegaron desde Guayaquil,&hellip; <a href=\"https:\/\/www.ministeriodegobierno.gob.ec\/derechoshumanos\/2022\/04\/05\/en-el-centro-forense-de-cuenca-secretaria-de-derechos-humanos-realizo-200-atenciones-de-contencion-emocional-en-dos-dias-de-crisis\/\">Read more &rarr;<\/a><\/p>\n","protected":false},"author":6,"featured_media":12209,"comment_status":"closed","ping_status":"closed","sticky":false,"template":"","format":"standard","meta":{"footnotes":""},"categories":[20,5,6],"tags":[],"class_list":["post-12208","post","type-post","status-publish","format-standard","has-post-thumbnail","hentry","category-boletin-de-prensa","category-noticias","category-noticias-destacadas","xfolkentry"],"_links":{"self":[{"href":"https:\/\/www.ministeriodegobierno.gob.ec\/derechoshumanos\/wp-json\/wp\/v2\/posts\/12208","targetHints":{"allow":["GET"]}}],"collection":[{"href":"https:\/\/www.ministeriodegobierno.gob.ec\/derechoshumanos\/wp-json\/wp\/v2\/posts"}],"about":[{"href":"https:\/\/www.ministeriodegobierno.gob.ec\/derechoshumanos\/wp-json\/wp\/v2\/types\/post"}],"author":[{"embeddable":true,"href":"https:\/\/www.ministeriodegobierno.gob.ec\/derechoshumanos\/wp-json\/wp\/v2\/users\/6"}],"replies":[{"embeddable":true,"href":"https:\/\/www.ministeriodegobierno.gob.ec\/derechoshumanos\/wp-json\/wp\/v2\/comments?post=12208"}],"version-history":[{"count":1,"href":"https:\/\/www.ministeriodegobierno.gob.ec\/derechoshumanos\/wp-json\/wp\/v2\/posts\/12208\/revisions"}],"predecessor-version":[{"id":12210,"href":"https:\/\/www.ministeriodegobierno.gob.ec\/derechoshumanos\/wp-json\/wp\/v2\/posts\/12208\/revisions\/12210"}],"wp:featuredmedia":[{"embeddable":true,"href":"https:\/\/www.ministeriodegobierno.gob.ec\/derechoshumanos\/wp-json\/wp\/v2\/media\/12209"}],"wp:attachment":[{"href":"https:\/\/www.ministeriodegobierno.gob.ec\/derechoshumanos\/wp-json\/wp\/v2\/media?parent=12208"}],"wp:term":[{"taxonomy":"category","embeddable":true,"href":"https:\/\/www.ministeriodegobierno.gob.ec\/derechoshumanos\/wp-json\/wp\/v2\/categories?post=12208"},{"taxonomy":"post_tag","embeddable":true,"href":"https:\/\/www.ministeriodegobierno.gob.ec\/derechoshumanos\/wp-json\/wp\/v2\/tags?post=12208"}],"curies":[{"name":"wp","href":"https:\/\/api.w.org\/{rel}","templated":true}]}}