{"id":12289,"date":"2022-04-19T18:33:21","date_gmt":"2022-04-19T23:33:21","guid":{"rendered":"https:\/\/www.derechoshumanos.gob.ec\/?p=12289"},"modified":"2022-04-19T18:33:21","modified_gmt":"2022-04-19T23:33:21","slug":"variables-de-orientacion-sexual-e-identidad-de-genero-se-incluyen-en-el-proximo-censo-de-poblacion-y-vivienda","status":"publish","type":"post","link":"https:\/\/www.ministeriodegobierno.gob.ec\/derechoshumanos\/2022\/04\/19\/variables-de-orientacion-sexual-e-identidad-de-genero-se-incluyen-en-el-proximo-censo-de-poblacion-y-vivienda\/","title":{"rendered":"Variables de orientaci\u00f3n sexual e identidad de g\u00e9nero se incluyen en el pr\u00f3ximo Censo de Poblaci\u00f3n y Vivienda"},"content":{"rendered":"\n<p class=\"wp-block-paragraph\"><\/p>\n\n\n\n<p class=\"wp-block-paragraph\">La Secretar\u00eda de Derechos Humanos, a trav\u00e9s de la Subsecretar\u00eda de Diversidades, articula acciones con el Instituto Nacional de Estad\u00edstica y Censos (INEC) dentro del proceso preparatorio del 8vo. Censo de Poblaci\u00f3n y 7mo. de Vivienda 2022, uno de los logros m\u00e1s importantes es la inclusi\u00f3n de las variables de orientaci\u00f3n sexual e identidad de g\u00e9nero.<\/p>\n\n\n\n<p class=\"wp-block-paragraph\">Gracias a esto, el Ecuador aumentar\u00e1 la informaci\u00f3n estad\u00edstica para el reconocimiento de las personas de la poblaci\u00f3n LGBTI+ como sujetos de derechos y abrir\u00e1 la posibilidad de que se generen pol\u00edticas integrales para mejorar sus condiciones de vida y el acceso a los derechos fundamentales como son la salud, la educaci\u00f3n, la vivienda, el trabajo y la justicia.<\/p>\n\n\n\n<p class=\"wp-block-paragraph\">Los equipos t\u00e9cnicos de la Secretar\u00eda y ldel INEC mantienen una programaci\u00f3n para avanzar en este importante objetivo que permite avanzar hacia la no discriminaci\u00f3n y la garant\u00eda de derechos en el pa\u00eds.<\/p>\n\n\n\n<p class=\"wp-block-paragraph\">El 8vo. Censo de Poblaci\u00f3n y 7mo. de Vivienda se realizar\u00e1 entre noviembre y diciembre del a\u00f1o en curso. Se debi\u00f3 cumplir en 2020, pero la pandemia lo impidi\u00f3.<\/p>\n\n\n\n<p class=\"wp-block-paragraph\">Esta cartera de Estado contin\u00faa trabajando para que el Ecuador Diverso se consolide.<\/p>\n\n\n\n<p class=\"wp-block-paragraph\"><\/p>\n","protected":false},"excerpt":{"rendered":"<p class=\"excerpt\">La Secretar\u00eda de Derechos Humanos, a trav\u00e9s de la Subsecretar\u00eda de Diversidades, articula acciones con el Instituto Nacional de Estad\u00edstica y Censos (INEC) dentro del proceso preparatorio del 8vo. Censo de Poblaci\u00f3n y 7mo. de Vivienda 2022, uno de los logros m\u00e1s importantes es la inclusi\u00f3n de las variables de orientaci\u00f3n sexual e identidad de g\u00e9nero. Gracias a esto, el&hellip; <a href=\"https:\/\/www.ministeriodegobierno.gob.ec\/derechoshumanos\/2022\/04\/19\/variables-de-orientacion-sexual-e-identidad-de-genero-se-incluyen-en-el-proximo-censo-de-poblacion-y-vivienda\/\">Read more &rarr;<\/a><\/p>\n","protected":false},"author":6,"featured_media":12308,"comment_status":"closed","ping_status":"closed","sticky":false,"template":"","format":"standard","meta":{"footnotes":""},"categories":[20,5,6],"tags":[],"class_list":["post-12289","post","type-post","status-publish","format-standard","has-post-thumbnail","hentry","category-boletin-de-prensa","category-noticias","category-noticias-destacadas","xfolkentry"],"_links":{"self":[{"href":"https:\/\/www.ministeriodegobierno.gob.ec\/derechoshumanos\/wp-json\/wp\/v2\/posts\/12289","targetHints":{"allow":["GET"]}}],"collection":[{"href":"https:\/\/www.ministeriodegobierno.gob.ec\/derechoshumanos\/wp-json\/wp\/v2\/posts"}],"about":[{"href":"https:\/\/www.ministeriodegobierno.gob.ec\/derechoshumanos\/wp-json\/wp\/v2\/types\/post"}],"author":[{"embeddable":true,"href":"https:\/\/www.ministeriodegobierno.gob.ec\/derechoshumanos\/wp-json\/wp\/v2\/users\/6"}],"replies":[{"embeddable":true,"href":"https:\/\/www.ministeriodegobierno.gob.ec\/derechoshumanos\/wp-json\/wp\/v2\/comments?post=12289"}],"version-history":[{"count":1,"href":"https:\/\/www.ministeriodegobierno.gob.ec\/derechoshumanos\/wp-json\/wp\/v2\/posts\/12289\/revisions"}],"predecessor-version":[{"id":12309,"href":"https:\/\/www.ministeriodegobierno.gob.ec\/derechoshumanos\/wp-json\/wp\/v2\/posts\/12289\/revisions\/12309"}],"wp:featuredmedia":[{"embeddable":true,"href":"https:\/\/www.ministeriodegobierno.gob.ec\/derechoshumanos\/wp-json\/wp\/v2\/media\/12308"}],"wp:attachment":[{"href":"https:\/\/www.ministeriodegobierno.gob.ec\/derechoshumanos\/wp-json\/wp\/v2\/media?parent=12289"}],"wp:term":[{"taxonomy":"category","embeddable":true,"href":"https:\/\/www.ministeriodegobierno.gob.ec\/derechoshumanos\/wp-json\/wp\/v2\/categories?post=12289"},{"taxonomy":"post_tag","embeddable":true,"href":"https:\/\/www.ministeriodegobierno.gob.ec\/derechoshumanos\/wp-json\/wp\/v2\/tags?post=12289"}],"curies":[{"name":"wp","href":"https:\/\/api.w.org\/{rel}","templated":true}]}}