{"id":12423,"date":"2022-04-22T08:53:11","date_gmt":"2022-04-22T13:53:11","guid":{"rendered":"https:\/\/www.derechoshumanos.gob.ec\/?p=12423"},"modified":"2022-04-22T08:53:12","modified_gmt":"2022-04-22T13:53:12","slug":"con-un-minuto-de-silencio-por-las-victimas-de-la-crisis-carcelaria-y-de-los-hechos-de-violencia-en-ibarra-se-instalo-la-sesion-del-directorio-del-organismo-tecnico-del-sistema-nacional-de-rehabilitac","status":"publish","type":"post","link":"https:\/\/www.ministeriodegobierno.gob.ec\/derechoshumanos\/2022\/04\/22\/con-un-minuto-de-silencio-por-las-victimas-de-la-crisis-carcelaria-y-de-los-hechos-de-violencia-en-ibarra-se-instalo-la-sesion-del-directorio-del-organismo-tecnico-del-sistema-nacional-de-rehabilitac\/","title":{"rendered":"Con un minuto de silencio por las v\u00edctimas de la crisis carcelaria y de los hechos de violencia en Ibarra, se instal\u00f3 la sesi\u00f3n del Directorio del Organismo T\u00e9cnico del Sistema Nacional de Rehabilitaci\u00f3n Social para evaluaci\u00f3n de acciones 2021 y avances 2022"},"content":{"rendered":"\n<p class=\"wp-block-paragraph\">El Directorio del Organismo T\u00e9cnico del Sistema Nacional de Rehabilitaci\u00f3n Social (SNRS), se instal\u00f3 para conocer las acciones realizadas por cada instituci\u00f3n en el marco de sus competencias para la implementaci\u00f3n y ejecuci\u00f3n de la Pol\u00edtica P\u00fablica de Rehabilitaci\u00f3n Social con enfoque de Derechos Humanos. Adem\u00e1s, se puso en conocimiento de todas las instituciones algunas solicitudes de la Defensor\u00eda del Pueblo.<\/p>\n\n\n\n<p class=\"wp-block-paragraph\">Bernarda Ord\u00f3\u00f1ez Moscoso, Presidenta del Organismo T\u00e9cnico del Sistema Nacional de Rehabilitaci\u00f3n Social, pidi\u00f3 un minuto de silencio por las v\u00edctimas de la crisis carcelaria y por las v\u00edctimas de violencia en Ibarra, una de ellas, una menor de 7 meses de edad.<\/p>\n\n\n\n<p class=\"wp-block-paragraph\">El Directorio resolvi\u00f3 por unanimidad la instalaci\u00f3n de una Mesa T\u00e9cnica para la creaci\u00f3n de un reglamento espec\u00edfico que atienda a los adolescentes en conflicto con la ley, que se desarrollar\u00e1 bajo liderazgo del Servicio Nacional de Atenci\u00f3n Integral a Personas Adultas Privadas de la Libertad y a Adolescentes Infractores (SNAI) y con el apoyo de las instituciones competentes.<\/p>\n\n\n\n<p class=\"wp-block-paragraph\">Dentro del orden del d\u00eda se conocieron las acciones desarrolladas por los Ministerios del Trabajo y el de Educaci\u00f3n y por el SNAI, mientras que las dem\u00e1s instituciones integrantes deber\u00e1n presentar sus acciones en una siguiente convocatoria.<\/p>\n\n\n\n<p class=\"wp-block-paragraph\">De su parte, el Ministro del Trabajo, Patricio Donoso expuso las iniciativas realizadas y que se reforzar\u00e1n las enfocadas a la inserci\u00f3n laboral de las personas privadas de libertad (PPL), en este sentido se\u00f1al\u00f3 que se prev\u00e9 alcanzar un 20% de PPL que se encuentran en R\u00e9gimen de \u201cprelibertad\u201d, capacitadas a trav\u00e9s de las estrategias Fortalece Empleo y Emprende EC.<\/p>\n\n\n\n<p class=\"wp-block-paragraph\">Pablo Ram\u00edrez, Director del SNAI mencion\u00f3 que se trabaja para reducir el hacinamiento en los Centros de Privaci\u00f3n de Libertad y tambi\u00e9n en mejorar los equipamientos, log\u00edstica, infraestructura f\u00edsica e infraestructura tecnol\u00f3gica en 47 centros con un presupuesto de $30 millones.<\/p>\n\n\n\n<p class=\"wp-block-paragraph\">Mientras que la Viceministra de Educaci\u00f3n, Cinthya Game, se\u00f1al\u00f3 acciones inmediatas para fortalecer espacios y las posibilidades de estudio, en la actualidad aproximadamente 7000 PPL se encuentran en el Sistema Educativo del pa\u00eds.<\/p>\n","protected":false},"excerpt":{"rendered":"<p class=\"excerpt\">El Directorio del Organismo T\u00e9cnico del Sistema Nacional de Rehabilitaci\u00f3n Social (SNRS), se instal\u00f3 para conocer las acciones realizadas por cada instituci\u00f3n en el marco de sus competencias para la implementaci\u00f3n y ejecuci\u00f3n de la Pol\u00edtica P\u00fablica de Rehabilitaci\u00f3n Social con enfoque de Derechos Humanos. Adem\u00e1s, se puso en conocimiento de todas las instituciones algunas solicitudes de la Defensor\u00eda del&hellip; <a href=\"https:\/\/www.ministeriodegobierno.gob.ec\/derechoshumanos\/2022\/04\/22\/con-un-minuto-de-silencio-por-las-victimas-de-la-crisis-carcelaria-y-de-los-hechos-de-violencia-en-ibarra-se-instalo-la-sesion-del-directorio-del-organismo-tecnico-del-sistema-nacional-de-rehabilitac\/\">Read more &rarr;<\/a><\/p>\n","protected":false},"author":6,"featured_media":12424,"comment_status":"closed","ping_status":"closed","sticky":false,"template":"","format":"standard","meta":{"footnotes":""},"categories":[20,5,6],"tags":[],"class_list":["post-12423","post","type-post","status-publish","format-standard","has-post-thumbnail","hentry","category-boletin-de-prensa","category-noticias","category-noticias-destacadas","xfolkentry"],"_links":{"self":[{"href":"https:\/\/www.ministeriodegobierno.gob.ec\/derechoshumanos\/wp-json\/wp\/v2\/posts\/12423","targetHints":{"allow":["GET"]}}],"collection":[{"href":"https:\/\/www.ministeriodegobierno.gob.ec\/derechoshumanos\/wp-json\/wp\/v2\/posts"}],"about":[{"href":"https:\/\/www.ministeriodegobierno.gob.ec\/derechoshumanos\/wp-json\/wp\/v2\/types\/post"}],"author":[{"embeddable":true,"href":"https:\/\/www.ministeriodegobierno.gob.ec\/derechoshumanos\/wp-json\/wp\/v2\/users\/6"}],"replies":[{"embeddable":true,"href":"https:\/\/www.ministeriodegobierno.gob.ec\/derechoshumanos\/wp-json\/wp\/v2\/comments?post=12423"}],"version-history":[{"count":1,"href":"https:\/\/www.ministeriodegobierno.gob.ec\/derechoshumanos\/wp-json\/wp\/v2\/posts\/12423\/revisions"}],"predecessor-version":[{"id":12425,"href":"https:\/\/www.ministeriodegobierno.gob.ec\/derechoshumanos\/wp-json\/wp\/v2\/posts\/12423\/revisions\/12425"}],"wp:featuredmedia":[{"embeddable":true,"href":"https:\/\/www.ministeriodegobierno.gob.ec\/derechoshumanos\/wp-json\/wp\/v2\/media\/12424"}],"wp:attachment":[{"href":"https:\/\/www.ministeriodegobierno.gob.ec\/derechoshumanos\/wp-json\/wp\/v2\/media?parent=12423"}],"wp:term":[{"taxonomy":"category","embeddable":true,"href":"https:\/\/www.ministeriodegobierno.gob.ec\/derechoshumanos\/wp-json\/wp\/v2\/categories?post=12423"},{"taxonomy":"post_tag","embeddable":true,"href":"https:\/\/www.ministeriodegobierno.gob.ec\/derechoshumanos\/wp-json\/wp\/v2\/tags?post=12423"}],"curies":[{"name":"wp","href":"https:\/\/api.w.org\/{rel}","templated":true}]}}