{"id":12428,"date":"2022-04-25T09:32:48","date_gmt":"2022-04-25T14:32:48","guid":{"rendered":"https:\/\/www.derechoshumanos.gob.ec\/?p=12428"},"modified":"2022-04-25T09:32:49","modified_gmt":"2022-04-25T14:32:49","slug":"secretaria-de-derechos-humanos-realiza-encuentro-con-casas-de-acogida-y-centros-de-atencion-integral","status":"publish","type":"post","link":"https:\/\/www.ministeriodegobierno.gob.ec\/derechoshumanos\/2022\/04\/25\/secretaria-de-derechos-humanos-realiza-encuentro-con-casas-de-acogida-y-centros-de-atencion-integral\/","title":{"rendered":"Secretar\u00eda de Derechos Humanos realiza encuentro con Casas de acogida y Centros de Atenci\u00f3n Integral"},"content":{"rendered":"\n<p class=\"wp-block-paragraph\">La Secretar\u00eda de Derechos Humanos realiza este martes 26 de abril, a partir de las 11h00, en el Parque de Gu\u00e1pulo, un encuentro con representantes de 21 Casas de acogida y Centros de Atenci\u00f3n Integral de todo el pa\u00eds, que fueron adjudicadas con convenios para el trabajo de acogimiento para sobrevivientes de violencia de g\u00e9nero y sus familiares, as\u00ed como los servicios de sostenimiento y apoyo para este a\u00f1o.<\/p>\n\n\n\n<p class=\"wp-block-paragraph\">En alianza con la sociedad civil, esta cartera de Estado presta estos servicios, que este a\u00f1o cuenta con un presupuesto de 2\u2019189.905 d\u00f3lares.<\/p>\n\n\n\n<p class=\"wp-block-paragraph\">Gracias a un proceso participativo en que se construyeron las bases de la convocatoria y el fortalecimiento de acciones y de personal, y luego de superar problemas administrativos y financieros surgidos en anteriores administraciones, las 21 organizaciones sociales cumplir\u00e1n esta importante tarea en el a\u00f1o en curso.<\/p>\n\n\n\n<p class=\"wp-block-paragraph\">El proceso de adjudicaci\u00f3n para estos convenios cont\u00f3 con un nuevo reglamento y tendr\u00e1n vigencia desde el 1 de abril hasta el 31 de diciembre de 2022.<\/p>\n\n\n\n<p class=\"wp-block-paragraph\"><strong>El Dato:<\/strong><\/p>\n\n\n\n<ul class=\"wp-block-list\"><li>21 organizaciones sociales sin fines de lucro a nivel nacional estar\u00e1n a cargo de los servicios de acogimiento y apoyo para sobrevivientes de violencia de g\u00e9nero y sus familiares<\/li><li>El presupuesto para 2022 es de 2\u2019189.905 d\u00f3lares<\/li><li>La construcci\u00f3n de las bases de la convocatoria y de identificaci\u00f3n de oportunidades de mejora se llev\u00f3 a cabo a trav\u00e9s de un proceso participativo liderado desde la SDH<\/li><\/ul>\n\n\n\n<p class=\"wp-block-paragraph\"><\/p>\n","protected":false},"excerpt":{"rendered":"<p class=\"excerpt\">La Secretar\u00eda de Derechos Humanos realiza este martes 26 de abril, a partir de las 11h00, en el Parque de Gu\u00e1pulo, un encuentro con representantes de 21 Casas de acogida y Centros de Atenci\u00f3n Integral de todo el pa\u00eds, que fueron adjudicadas con convenios para el trabajo de acogimiento para sobrevivientes de violencia de g\u00e9nero y sus familiares, as\u00ed como&hellip; <a href=\"https:\/\/www.ministeriodegobierno.gob.ec\/derechoshumanos\/2022\/04\/25\/secretaria-de-derechos-humanos-realiza-encuentro-con-casas-de-acogida-y-centros-de-atencion-integral\/\">Read more &rarr;<\/a><\/p>\n","protected":false},"author":10,"featured_media":12429,"comment_status":"closed","ping_status":"closed","sticky":false,"template":"","format":"standard","meta":{"footnotes":""},"categories":[20,5,6],"tags":[],"class_list":["post-12428","post","type-post","status-publish","format-standard","has-post-thumbnail","hentry","category-boletin-de-prensa","category-noticias","category-noticias-destacadas","xfolkentry"],"_links":{"self":[{"href":"https:\/\/www.ministeriodegobierno.gob.ec\/derechoshumanos\/wp-json\/wp\/v2\/posts\/12428","targetHints":{"allow":["GET"]}}],"collection":[{"href":"https:\/\/www.ministeriodegobierno.gob.ec\/derechoshumanos\/wp-json\/wp\/v2\/posts"}],"about":[{"href":"https:\/\/www.ministeriodegobierno.gob.ec\/derechoshumanos\/wp-json\/wp\/v2\/types\/post"}],"author":[{"embeddable":true,"href":"https:\/\/www.ministeriodegobierno.gob.ec\/derechoshumanos\/wp-json\/wp\/v2\/users\/10"}],"replies":[{"embeddable":true,"href":"https:\/\/www.ministeriodegobierno.gob.ec\/derechoshumanos\/wp-json\/wp\/v2\/comments?post=12428"}],"version-history":[{"count":1,"href":"https:\/\/www.ministeriodegobierno.gob.ec\/derechoshumanos\/wp-json\/wp\/v2\/posts\/12428\/revisions"}],"predecessor-version":[{"id":12430,"href":"https:\/\/www.ministeriodegobierno.gob.ec\/derechoshumanos\/wp-json\/wp\/v2\/posts\/12428\/revisions\/12430"}],"wp:featuredmedia":[{"embeddable":true,"href":"https:\/\/www.ministeriodegobierno.gob.ec\/derechoshumanos\/wp-json\/wp\/v2\/media\/12429"}],"wp:attachment":[{"href":"https:\/\/www.ministeriodegobierno.gob.ec\/derechoshumanos\/wp-json\/wp\/v2\/media?parent=12428"}],"wp:term":[{"taxonomy":"category","embeddable":true,"href":"https:\/\/www.ministeriodegobierno.gob.ec\/derechoshumanos\/wp-json\/wp\/v2\/categories?post=12428"},{"taxonomy":"post_tag","embeddable":true,"href":"https:\/\/www.ministeriodegobierno.gob.ec\/derechoshumanos\/wp-json\/wp\/v2\/tags?post=12428"}],"curies":[{"name":"wp","href":"https:\/\/api.w.org\/{rel}","templated":true}]}}