{"id":12431,"date":"2022-04-26T17:46:04","date_gmt":"2022-04-26T22:46:04","guid":{"rendered":"https:\/\/www.derechoshumanos.gob.ec\/?p=12431"},"modified":"2022-04-29T12:39:13","modified_gmt":"2022-04-29T17:39:13","slug":"mas-de-dos-millones-de-dolares-entrego-la-secretaria-de-derechos-humanos-para-atencion-a-mujeres-sobrevivientes-de-violencia-a-casas-de-acogida-y-centros-de-atencion-integral","status":"publish","type":"post","link":"https:\/\/www.ministeriodegobierno.gob.ec\/derechoshumanos\/2022\/04\/26\/mas-de-dos-millones-de-dolares-entrego-la-secretaria-de-derechos-humanos-para-atencion-a-mujeres-sobrevivientes-de-violencia-a-casas-de-acogida-y-centros-de-atencion-integral\/","title":{"rendered":"M\u00e1s de dos millones de d\u00f3lares entreg\u00f3 la Secretar\u00eda de Derechos Humanos para atenci\u00f3n a mujeres sobrevivientes de violencia\u00a0a Casas de Acogida y Centros de Atenci\u00f3n Integral"},"content":{"rendered":"\n<p class=\"wp-block-paragraph\"><\/p>\n\n\n\n<p class=\"wp-block-paragraph\">La Secretar\u00eda de Derechos Humanos realiz\u00f3 hoy el Encuentro con Casas de Acogida y Centros de Atenci\u00f3n Integral en que se hizo con un minuto de silencio a las 25 v\u00edctimas de femicidio en lo que va de 2022,&nbsp;y en que se reforz\u00f3&nbsp;el compromiso de la Cartera de Estado y de la sociedad civil con el objetivo planteado desde el Gobierno Nacional de llegar a la meta de Femicidio Cero.<\/p>\n\n\n\n<p class=\"wp-block-paragraph\">En el encuentro, se\u00a0hizo la entrega del presupuesto de m\u00e1s de 2 millones de d\u00f3lares, <strong>vigente hasta el 31 de diciembre de 2022<\/strong>\u00a0a las organizaciones sociales sin fines de lucro quesuscribieron convenios para atender a mujeres sobrevivientes de violencia y a sus hijas e hijos, a trav\u00e9s de Casas de Acogida y Centros de Atenci\u00f3n Integral en\u00a013 provincias\u00a0del pa\u00eds.<\/p>\n\n\n\n<p class=\"wp-block-paragraph\">Despu\u00e9s de un proceso participativo de construcci\u00f3n del reglamento y las bases del concurso, esta Cartera de Estado suscribi\u00f3 convenios el pasado 29 de marzo&nbsp;<strong>21 convenios con<\/strong><strong>&nbsp;organizaciones sociales sin fines de lucro que cumplir\u00e1n las responsabilidades de acogimiento y apoyo, enfocadas a la restituci\u00f3n de derechos de las mujeres.<\/strong><\/p>\n\n\n\n<p class=\"wp-block-paragraph\">En su discurso, Bernarda Ord\u00f3\u00f1ez Moscoso, Secretaria de Derechos Humanos, indic\u00f3 que la primera pandemia que vivimos es la violencia contra ni\u00f1as y mujeres y que, por tanto, invertir en las mujeres, como lo est\u00e1 haciendo el Gobierno Nacional,&nbsp;y con la decisi\u00f3n de que las pol\u00edticas no queden en papel, sino que tengan el debido financiamiento para ejecutarse.<\/p>\n\n\n\n<p class=\"wp-block-paragraph\">La Ministra agradeci\u00f3 el trabajo y la dedicaci\u00f3n de las Casas de Acogida y Centros de Atenci\u00f3n Integral en la tarea incansable y a\u00fan larga de lograr el acceso para ni\u00f1as y mujeres a todos los derechos, y&nbsp;entre ellos&nbsp;el primero&nbsp;que es&nbsp;el de la libertad.<\/p>\n\n\n\n<p class=\"wp-block-paragraph\">A nombre de las Casas de Acogida, Rosario G\u00f3mez de la Fundaci\u00f3n Cada Matilde, ratific\u00f3 el compromiso para prevenir el femicidio, agradeciendo el cumplimiento actual en la entrega del presupuesto y el inter\u00e9s y la voluntad pol\u00edtica en convocar a este encuentro&nbsp;e ir a la construcci\u00f3n de&nbsp;una agenda colectiva de actuaci\u00f3n del Estado con&nbsp;las organizaciones para&nbsp;socorrer a las mujeres sobrevivientes de violencia.<\/p>\n\n\n\n<p class=\"wp-block-paragraph\">De su parte, Karina Ponce, de la&nbsp;Asociaci\u00f3n de&nbsp;Mujeres por la Equidad de g\u00e9nero y la Autonom\u00eda&nbsp;(MEGA), en representaci\u00f3n de los Centros de Atenci\u00f3n Integral, aprovech\u00f3 para saludar el proceso&nbsp;que est\u00e1n viviendo las organizaciones&nbsp;de retomar la confianza en el Estado y en el buen manejo de recursos p\u00fablicos<\/p>\n\n\n\n<p class=\"wp-block-paragraph\">Las Casas de Acogida y Centros de Atenci\u00f3n Integral adjudicadas se ubican en las provincias de Imbabura, Esmeraldas, Pichincha, Chimborazo, Manab\u00ed, Santo Domingo, Bol\u00edvar, Azuay, Ca\u00f1ar, El Oro, Loja, Guayas y Santa Elena<\/p>\n\n\n\n<p class=\"wp-block-paragraph\">Gracias a un proceso participativo en que se construyeron las bases de la convocatoria y el fortalecimiento de acciones y de personal,&nbsp;y&nbsp;luego de superar&nbsp;problemas administrativos y financieros surgidos en anteriores administraciones, las organizaciones sociales cumplir\u00e1n esta importante&nbsp;tarea en el a\u00f1o en curso.<\/p>\n\n\n\n<p class=\"wp-block-paragraph\">Los nuevos convenios, cuyo proceso de adjudicaci\u00f3n se efectu\u00f3 luego de superar problemas administrativos y financieros surgidos en administraciones anteriores,&nbsp;tienenvigencia desde el 1 de abril hasta el 31 de diciembre de 2022.<\/p>\n\n\n\n<p class=\"wp-block-paragraph\"><strong>El Dato:<\/strong>\u2022\u00a021\u00a0convenios se suscribieron con\u00a0organizaciones sociales sin fines de lucro a nivel nacional\u00a0para\u00a0los servicios de acogimiento y apoyo para sobrevivientes de violencia de g\u00e9nero y sus\u00a0hijas e hijos \u2022La construcci\u00f3n de las bases de la convocatoria y de identificaci\u00f3n de oportunidades de mejora se llev\u00f3 a cabo a trav\u00e9s de un proceso participativo liderado desde la Secretar\u00eda de Derechos Humanos<\/p>\n","protected":false},"excerpt":{"rendered":"<p class=\"excerpt\">La Secretar\u00eda de Derechos Humanos realiz\u00f3 hoy el Encuentro con Casas de Acogida y Centros de Atenci\u00f3n Integral en que se hizo con un minuto de silencio a las 25 v\u00edctimas de femicidio en lo que va de 2022,&nbsp;y en que se reforz\u00f3&nbsp;el compromiso de la Cartera de Estado y de la sociedad civil con el objetivo planteado desde el&hellip; <a href=\"https:\/\/www.ministeriodegobierno.gob.ec\/derechoshumanos\/2022\/04\/26\/mas-de-dos-millones-de-dolares-entrego-la-secretaria-de-derechos-humanos-para-atencion-a-mujeres-sobrevivientes-de-violencia-a-casas-de-acogida-y-centros-de-atencion-integral\/\">Read more &rarr;<\/a><\/p>\n","protected":false},"author":6,"featured_media":12432,"comment_status":"closed","ping_status":"closed","sticky":false,"template":"","format":"standard","meta":{"footnotes":""},"categories":[20,5,6],"tags":[],"class_list":["post-12431","post","type-post","status-publish","format-standard","has-post-thumbnail","hentry","category-boletin-de-prensa","category-noticias","category-noticias-destacadas","xfolkentry"],"_links":{"self":[{"href":"https:\/\/www.ministeriodegobierno.gob.ec\/derechoshumanos\/wp-json\/wp\/v2\/posts\/12431","targetHints":{"allow":["GET"]}}],"collection":[{"href":"https:\/\/www.ministeriodegobierno.gob.ec\/derechoshumanos\/wp-json\/wp\/v2\/posts"}],"about":[{"href":"https:\/\/www.ministeriodegobierno.gob.ec\/derechoshumanos\/wp-json\/wp\/v2\/types\/post"}],"author":[{"embeddable":true,"href":"https:\/\/www.ministeriodegobierno.gob.ec\/derechoshumanos\/wp-json\/wp\/v2\/users\/6"}],"replies":[{"embeddable":true,"href":"https:\/\/www.ministeriodegobierno.gob.ec\/derechoshumanos\/wp-json\/wp\/v2\/comments?post=12431"}],"version-history":[{"count":3,"href":"https:\/\/www.ministeriodegobierno.gob.ec\/derechoshumanos\/wp-json\/wp\/v2\/posts\/12431\/revisions"}],"predecessor-version":[{"id":12445,"href":"https:\/\/www.ministeriodegobierno.gob.ec\/derechoshumanos\/wp-json\/wp\/v2\/posts\/12431\/revisions\/12445"}],"wp:featuredmedia":[{"embeddable":true,"href":"https:\/\/www.ministeriodegobierno.gob.ec\/derechoshumanos\/wp-json\/wp\/v2\/media\/12432"}],"wp:attachment":[{"href":"https:\/\/www.ministeriodegobierno.gob.ec\/derechoshumanos\/wp-json\/wp\/v2\/media?parent=12431"}],"wp:term":[{"taxonomy":"category","embeddable":true,"href":"https:\/\/www.ministeriodegobierno.gob.ec\/derechoshumanos\/wp-json\/wp\/v2\/categories?post=12431"},{"taxonomy":"post_tag","embeddable":true,"href":"https:\/\/www.ministeriodegobierno.gob.ec\/derechoshumanos\/wp-json\/wp\/v2\/tags?post=12431"}],"curies":[{"name":"wp","href":"https:\/\/api.w.org\/{rel}","templated":true}]}}