{"id":12514,"date":"2022-05-04T16:19:39","date_gmt":"2022-05-04T21:19:39","guid":{"rendered":"https:\/\/www.derechoshumanos.gob.ec\/?p=12514"},"modified":"2022-05-04T16:19:40","modified_gmt":"2022-05-04T21:19:40","slug":"capacitamos-a-docentes-en-prevencion-y-erradicacion-de-violencia","status":"publish","type":"post","link":"https:\/\/www.ministeriodegobierno.gob.ec\/derechoshumanos\/2022\/05\/04\/capacitamos-a-docentes-en-prevencion-y-erradicacion-de-violencia\/","title":{"rendered":"Capacitamos a docentes en prevenci\u00f3n y erradicaci\u00f3n de violencia"},"content":{"rendered":"\n<p class=\"wp-block-paragraph\"><\/p>\n\n\n\n<p class=\"wp-block-paragraph\"><strong>Palanda, Ecuador.- <\/strong>La Oficina T\u00e9cnica de la Zona 7 de la Secretar\u00eda de Derechos Humanos, a trav\u00e9s del Servicio de Protecci\u00f3n Integral, ofreci\u00f3 el taller \u201cPrevenci\u00f3n y erradicaci\u00f3n de todas las formas de violencia\u201d, a docentes del Colegio \u201cOriente Ecuatoriano\u201d, del cant\u00f3n Palanda.<\/p>\n\n\n\n<p class=\"wp-block-paragraph\">Cincuenta docentes asistieron a la formaci\u00f3n que fue coordinada con el Rector de la Instituci\u00f3n, Pablo Zambrano, y se realiz\u00f3 en el polideportivo del Colegio. &nbsp;Est\u00e1 previsto adem\u00e1s coordinar acciones con el Ministerio de Educaci\u00f3n para iniciar un plan de acci\u00f3n de capacitaciones para los adolescentes de esta unidad educativa.<\/p>\n\n\n\n<p class=\"wp-block-paragraph\">&nbsp;El objetivo del taller fue sensibilizar sobre los hechos de violencia, sobre los tipos y \u00e1mbitos que existen dentro de la Ley para Prevenir y Erradicar la Violencia contra las Mujeres, y su actuaci\u00f3n de acuerdo a los enfoques y principios de atenci\u00f3n,<\/p>\n\n\n\n<p class=\"wp-block-paragraph\">Se les capacit\u00f3 adem\u00e1s con conocimientos sobre la Ruta para el otorgamiento de MAPIS (Medidas Administrativas Inmediatas de Protecci\u00f3n), Ruta de Atenci\u00f3n y la denuncia en casos de violencia contra las mujeres, ni\u00f1as, ni\u00f1os y adolescentes en el Sistema Judicial.<\/p>\n\n\n\n<p class=\"wp-block-paragraph\">Soph\u00eda Cueva Mej\u00eda, Coordinadora de Oficina T\u00e9cnica Zonal 7, indic\u00f3: \u201cComo instituciones debemos trabajar en conjunto para mejorar y brindar una atenci\u00f3n oportuna y eficaz a las v\u00edctimas de violencia. Es por ello que es muy importante seguir articulando de forma interinstitucional estos talleres para prevenir y erradicar todo tipo de violencia en nuestra sociedad\u201d,<\/p>\n","protected":false},"excerpt":{"rendered":"<p class=\"excerpt\">Palanda, Ecuador.- La Oficina T\u00e9cnica de la Zona 7 de la Secretar\u00eda de Derechos Humanos, a trav\u00e9s del Servicio de Protecci\u00f3n Integral, ofreci\u00f3 el taller \u201cPrevenci\u00f3n y erradicaci\u00f3n de todas las formas de violencia\u201d, a docentes del Colegio \u201cOriente Ecuatoriano\u201d, del cant\u00f3n Palanda. Cincuenta docentes asistieron a la formaci\u00f3n que fue coordinada con el Rector de la Instituci\u00f3n, Pablo Zambrano,&hellip; <a href=\"https:\/\/www.ministeriodegobierno.gob.ec\/derechoshumanos\/2022\/05\/04\/capacitamos-a-docentes-en-prevencion-y-erradicacion-de-violencia\/\">Read more &rarr;<\/a><\/p>\n","protected":false},"author":6,"featured_media":12515,"comment_status":"closed","ping_status":"closed","sticky":false,"template":"","format":"standard","meta":{"footnotes":""},"categories":[20,5,6],"tags":[],"class_list":["post-12514","post","type-post","status-publish","format-standard","has-post-thumbnail","hentry","category-boletin-de-prensa","category-noticias","category-noticias-destacadas","xfolkentry"],"_links":{"self":[{"href":"https:\/\/www.ministeriodegobierno.gob.ec\/derechoshumanos\/wp-json\/wp\/v2\/posts\/12514","targetHints":{"allow":["GET"]}}],"collection":[{"href":"https:\/\/www.ministeriodegobierno.gob.ec\/derechoshumanos\/wp-json\/wp\/v2\/posts"}],"about":[{"href":"https:\/\/www.ministeriodegobierno.gob.ec\/derechoshumanos\/wp-json\/wp\/v2\/types\/post"}],"author":[{"embeddable":true,"href":"https:\/\/www.ministeriodegobierno.gob.ec\/derechoshumanos\/wp-json\/wp\/v2\/users\/6"}],"replies":[{"embeddable":true,"href":"https:\/\/www.ministeriodegobierno.gob.ec\/derechoshumanos\/wp-json\/wp\/v2\/comments?post=12514"}],"version-history":[{"count":1,"href":"https:\/\/www.ministeriodegobierno.gob.ec\/derechoshumanos\/wp-json\/wp\/v2\/posts\/12514\/revisions"}],"predecessor-version":[{"id":12516,"href":"https:\/\/www.ministeriodegobierno.gob.ec\/derechoshumanos\/wp-json\/wp\/v2\/posts\/12514\/revisions\/12516"}],"wp:featuredmedia":[{"embeddable":true,"href":"https:\/\/www.ministeriodegobierno.gob.ec\/derechoshumanos\/wp-json\/wp\/v2\/media\/12515"}],"wp:attachment":[{"href":"https:\/\/www.ministeriodegobierno.gob.ec\/derechoshumanos\/wp-json\/wp\/v2\/media?parent=12514"}],"wp:term":[{"taxonomy":"category","embeddable":true,"href":"https:\/\/www.ministeriodegobierno.gob.ec\/derechoshumanos\/wp-json\/wp\/v2\/categories?post=12514"},{"taxonomy":"post_tag","embeddable":true,"href":"https:\/\/www.ministeriodegobierno.gob.ec\/derechoshumanos\/wp-json\/wp\/v2\/tags?post=12514"}],"curies":[{"name":"wp","href":"https:\/\/api.w.org\/{rel}","templated":true}]}}