{"id":12518,"date":"2022-05-06T05:55:35","date_gmt":"2022-05-06T10:55:35","guid":{"rendered":"https:\/\/www.derechoshumanos.gob.ec\/?p=12518"},"modified":"2022-05-06T05:55:36","modified_gmt":"2022-05-06T10:55:36","slug":"gobierno-del-encuentro-paola-flores-jaramillo-asume-como-secretaria-de-derechos-humanos","status":"publish","type":"post","link":"https:\/\/www.ministeriodegobierno.gob.ec\/derechoshumanos\/2022\/05\/06\/gobierno-del-encuentro-paola-flores-jaramillo-asume-como-secretaria-de-derechos-humanos\/","title":{"rendered":"Gobierno del Encuentro:\u00a0Paola Flores Jaramillo asume como\u00a0Secretaria\u00a0de Derechos Humanos"},"content":{"rendered":"\n<p class=\"wp-block-paragraph\"><\/p>\n\n\n\n<p class=\"wp-block-paragraph\"><\/p>\n\n\n\n<p class=\"wp-block-paragraph\"><\/p>\n\n\n\n<p class=\"wp-block-paragraph\">Esta tarde fue posesionada como Secretaria de Derechos Humanos la abogada Paola Flores Jaramillo, quien\u00a0actualmente es la\u00a0Presidenta\u00a0de la Red Iberoamericana de Municipios por la Igualdad de G\u00e9nero y hasta hoy, fue concejala del cant\u00f3n Cuenca, dignidad de elecci\u00f3n popular a la que renunci\u00f3 para asumir esta\u00a0Cartera de Estado.<\/p>\n\n\n\n<p class=\"wp-block-paragraph\">La nueva\u00a0Secretaria\u00a0manifest\u00f3 que asume la ardua tarea\u00a0la cual\u00a0estar\u00e1 enfocada\u00a0en:\u00a0\u201cla reducci\u00f3n de brechas y la transformaci\u00f3n de patrones culturales discriminatorios, mediante pol\u00edticas p\u00fablicas eficientes, contribuyendo al respeto, protecci\u00f3n y promoci\u00f3n de los derechos fundamentales\u201d, resaltando que:\u00a0\u201cdesde el Gobierno del Encuentro hay un futuro claro donde caben todas y todos\u201d. Tambi\u00e9n indic\u00f3 que: \u201cSi queremos acabar\u00a0con\u00a0las\u00a0inequidades debemos demostrar que defendemos la dignidad humana y no es posible defenderla sin poner fin a la pobreza,\u00a0para cumplir este cometido,\u00a0debemos asumir una posici\u00f3n firme en defensa de la dignidad, creando condiciones de bienestar y paz para todos y todas\u201d.<\/p>\n\n\n\n<p class=\"wp-block-paragraph\">Paola Flores Jaramillo&nbsp;cuenta con experiencia en la puesta en marcha de procesos, estrategias y pol\u00edticas p\u00fablicas, las cuales han permitido atender y restituir los derechos de las v\u00edctimas de violencia de g\u00e9nero&nbsp;y su entorno familiar. Dentro de ese campo, ha facilitado procesos de sensibilizaci\u00f3n y participaci\u00f3n ciudadana, propuestas de exhortos y reformas de ley hacia una vida libre de violencia hacia las mujeres. Ha sido expositora y conferencista en foros internacionales referidos a sostenibilidad de ciudades en el marco de los Objetivos de Desarrollo Sostenible (ODS) de la Agenda 2030 de Naciones Unidas.<\/p>\n\n\n\n<p class=\"wp-block-paragraph\">La&nbsp;titular de esta instituci\u00f3n&nbsp;liderar\u00e1 el ente rector de Derechos Humanos que articula esta materia con otras instituciones del Estado, tiene a su cargo los Servicios de Protecci\u00f3n Integral en las 24 provincias del pa\u00eds con equipos&nbsp;t\u00e9cnicos que brindan contenci\u00f3n emocional y primeros auxilios psicol\u00f3gicos a las v\u00edctimas de violencia;&nbsp;y,&nbsp;de formular pol\u00edticas p\u00fablicas dentro de sus competencias.&nbsp;La prevenci\u00f3n y erradicaci\u00f3n de violencia contra las ni\u00f1as y las mujeres consta dentro de los proyectos priorizados&nbsp;por elGobierno Nacional, con la meta del Femicidio Cero.<\/p>\n\n\n\n<p class=\"wp-block-paragraph\">Desde la Secretar\u00eda&nbsp;se&nbsp;impulsar\u00e1&nbsp;propositivamente a la consolidaci\u00f3n del Estado&nbsp;constitucional de&nbsp;derechos y&nbsp;justicia, como un espacio de di\u00e1logo social e institucional, marcado por el&nbsp;esp\u00edritu&nbsp;\u00e9ticojur\u00eddico&nbsp;de los derechos humanos.<\/p>\n","protected":false},"excerpt":{"rendered":"<p class=\"excerpt\">Esta tarde fue posesionada como Secretaria de Derechos Humanos la abogada Paola Flores Jaramillo, quien\u00a0actualmente es la\u00a0Presidenta\u00a0de la Red Iberoamericana de Municipios por la Igualdad de G\u00e9nero y hasta hoy, fue concejala del cant\u00f3n Cuenca, dignidad de elecci\u00f3n popular a la que renunci\u00f3 para asumir esta\u00a0Cartera de Estado. La nueva\u00a0Secretaria\u00a0manifest\u00f3 que asume la ardua tarea\u00a0la cual\u00a0estar\u00e1 enfocada\u00a0en:\u00a0\u201cla reducci\u00f3n de brechas&hellip; <a href=\"https:\/\/www.ministeriodegobierno.gob.ec\/derechoshumanos\/2022\/05\/06\/gobierno-del-encuentro-paola-flores-jaramillo-asume-como-secretaria-de-derechos-humanos\/\">Read more &rarr;<\/a><\/p>\n","protected":false},"author":6,"featured_media":12519,"comment_status":"closed","ping_status":"closed","sticky":false,"template":"","format":"standard","meta":{"footnotes":""},"categories":[20,5,6],"tags":[],"class_list":["post-12518","post","type-post","status-publish","format-standard","has-post-thumbnail","hentry","category-boletin-de-prensa","category-noticias","category-noticias-destacadas","xfolkentry"],"_links":{"self":[{"href":"https:\/\/www.ministeriodegobierno.gob.ec\/derechoshumanos\/wp-json\/wp\/v2\/posts\/12518","targetHints":{"allow":["GET"]}}],"collection":[{"href":"https:\/\/www.ministeriodegobierno.gob.ec\/derechoshumanos\/wp-json\/wp\/v2\/posts"}],"about":[{"href":"https:\/\/www.ministeriodegobierno.gob.ec\/derechoshumanos\/wp-json\/wp\/v2\/types\/post"}],"author":[{"embeddable":true,"href":"https:\/\/www.ministeriodegobierno.gob.ec\/derechoshumanos\/wp-json\/wp\/v2\/users\/6"}],"replies":[{"embeddable":true,"href":"https:\/\/www.ministeriodegobierno.gob.ec\/derechoshumanos\/wp-json\/wp\/v2\/comments?post=12518"}],"version-history":[{"count":1,"href":"https:\/\/www.ministeriodegobierno.gob.ec\/derechoshumanos\/wp-json\/wp\/v2\/posts\/12518\/revisions"}],"predecessor-version":[{"id":12520,"href":"https:\/\/www.ministeriodegobierno.gob.ec\/derechoshumanos\/wp-json\/wp\/v2\/posts\/12518\/revisions\/12520"}],"wp:featuredmedia":[{"embeddable":true,"href":"https:\/\/www.ministeriodegobierno.gob.ec\/derechoshumanos\/wp-json\/wp\/v2\/media\/12519"}],"wp:attachment":[{"href":"https:\/\/www.ministeriodegobierno.gob.ec\/derechoshumanos\/wp-json\/wp\/v2\/media?parent=12518"}],"wp:term":[{"taxonomy":"category","embeddable":true,"href":"https:\/\/www.ministeriodegobierno.gob.ec\/derechoshumanos\/wp-json\/wp\/v2\/categories?post=12518"},{"taxonomy":"post_tag","embeddable":true,"href":"https:\/\/www.ministeriodegobierno.gob.ec\/derechoshumanos\/wp-json\/wp\/v2\/tags?post=12518"}],"curies":[{"name":"wp","href":"https:\/\/api.w.org\/{rel}","templated":true}]}}