{"id":12526,"date":"2022-05-09T14:33:25","date_gmt":"2022-05-09T19:33:25","guid":{"rendered":"https:\/\/www.derechoshumanos.gob.ec\/?p=12526"},"modified":"2022-05-09T14:33:49","modified_gmt":"2022-05-09T19:33:49","slug":"taller-de-prevencion-de-embarazo-en-ninas-y-adolescentes-se-realizo-en-loja","status":"publish","type":"post","link":"https:\/\/www.ministeriodegobierno.gob.ec\/derechoshumanos\/2022\/05\/09\/taller-de-prevencion-de-embarazo-en-ninas-y-adolescentes-se-realizo-en-loja\/","title":{"rendered":"Taller de prevenci\u00f3n de embarazo en ni\u00f1as y adolescentes se realiz\u00f3 en Loja"},"content":{"rendered":"\n<p class=\"wp-block-paragraph\"><img loading=\"lazy\" decoding=\"async\" width=\"250\" height=\"188\" class=\"wp-image-12527\" style=\"width: 250px;\" src=\"https:\/\/www.ministeriodegobierno.gob.ec\/derechoshumanos\/wp-content\/uploads\/2022\/05\/WhatsApp-Image-2022-05-09-at-2.31.12-PM.jpeg\" alt=\"\" srcset=\"https:\/\/www.ministeriodegobierno.gob.ec\/derechoshumanos\/wp-content\/uploads\/sites\/2\/2022\/05\/WhatsApp-Image-2022-05-09-at-2.31.12-PM.jpeg 1600w, https:\/\/www.ministeriodegobierno.gob.ec\/derechoshumanos\/wp-content\/uploads\/sites\/2\/2022\/05\/WhatsApp-Image-2022-05-09-at-2.31.12-PM-300x225.jpeg 300w, https:\/\/www.ministeriodegobierno.gob.ec\/derechoshumanos\/wp-content\/uploads\/sites\/2\/2022\/05\/WhatsApp-Image-2022-05-09-at-2.31.12-PM-1024x768.jpeg 1024w, https:\/\/www.ministeriodegobierno.gob.ec\/derechoshumanos\/wp-content\/uploads\/sites\/2\/2022\/05\/WhatsApp-Image-2022-05-09-at-2.31.12-PM-768x576.jpeg 768w, https:\/\/www.ministeriodegobierno.gob.ec\/derechoshumanos\/wp-content\/uploads\/sites\/2\/2022\/05\/WhatsApp-Image-2022-05-09-at-2.31.12-PM-1536x1152.jpeg 1536w\" sizes=\"auto, (max-width: 250px) 100vw, 250px\" \/>Loja.- La Secretar\u00eda de Derechos Humanos, a trav\u00e9s de la mesa intersectorial de la Pol\u00edtica Intersectorial de Prevenci\u00f3n del Embarazo en Ni\u00f1as y Adolescentes (PIPENA) zonal 7, imparti\u00f3 el taller integral sobre el tema a t\u00e9cnicos de los Ministerios de Inclusi\u00f3n Econ\u00f3mica y Social, de Educaci\u00f3n y de Salud P\u00fablica.<\/p>\n\n\n\n<p class=\"wp-block-paragraph\">La actividad se realiz\u00f3 los d\u00edas 5 y 6 mayo y tuvo como objetivo principal sensibilizar y enfatizar la prevenci\u00f3n de la violencia sexual en ni\u00f1as y adolescentes, que forma parte de las acciones de promoci\u00f3n y protecci\u00f3n integral de los derechos, dentro de las competencias para la erradicaci\u00f3n de la violencia de g\u00e9nero contra ni\u00f1as, adolescentes y mujeres.<\/p>\n\n\n\n<p class=\"wp-block-paragraph\">La tem\u00e1tica trabajada fue la siguiente:<\/p>\n\n\n\n<ul class=\"wp-block-list\"><li>Secretar\u00eda de Derechos Humanos: Rutas de atenci\u00f3n y denuncia de casos de violencia contra ni\u00f1os, ni\u00f1as y adolescentes<\/li><li>Ministerio de Salud: Prevenci\u00f3n de embarazo en ni\u00f1as y adolescentes<\/li><li>Ministerio de Educaci\u00f3n: Prevenci\u00f3n de la violencia en el \u00e1mbito educativo.&nbsp;&nbsp;&nbsp;&nbsp;&nbsp;&nbsp;&nbsp;&nbsp;&nbsp;&nbsp;&nbsp;&nbsp;&nbsp;<\/li><li>Ministerio de Inclusi\u00f3n Econ\u00f3mica y Social: Parentalidades positivas&nbsp;&nbsp;&nbsp;&nbsp;&nbsp;&nbsp;&nbsp;&nbsp;&nbsp;&nbsp;&nbsp;&nbsp;&nbsp;<\/li><\/ul>\n","protected":false},"excerpt":{"rendered":"<p class=\"excerpt\">Loja.- La Secretar\u00eda de Derechos Humanos, a trav\u00e9s de la mesa intersectorial de la Pol\u00edtica Intersectorial de Prevenci\u00f3n del Embarazo en Ni\u00f1as y Adolescentes (PIPENA) zonal 7, imparti\u00f3 el taller integral sobre el tema a t\u00e9cnicos de los Ministerios de Inclusi\u00f3n Econ\u00f3mica y Social, de Educaci\u00f3n y de Salud P\u00fablica. La actividad se realiz\u00f3 los d\u00edas 5 y 6 mayo&hellip; <a href=\"https:\/\/www.ministeriodegobierno.gob.ec\/derechoshumanos\/2022\/05\/09\/taller-de-prevencion-de-embarazo-en-ninas-y-adolescentes-se-realizo-en-loja\/\">Read more &rarr;<\/a><\/p>\n","protected":false},"author":10,"featured_media":0,"comment_status":"closed","ping_status":"closed","sticky":false,"template":"","format":"standard","meta":{"footnotes":""},"categories":[20,5],"tags":[],"class_list":["post-12526","post","type-post","status-publish","format-standard","hentry","category-boletin-de-prensa","category-noticias","xfolkentry"],"_links":{"self":[{"href":"https:\/\/www.ministeriodegobierno.gob.ec\/derechoshumanos\/wp-json\/wp\/v2\/posts\/12526","targetHints":{"allow":["GET"]}}],"collection":[{"href":"https:\/\/www.ministeriodegobierno.gob.ec\/derechoshumanos\/wp-json\/wp\/v2\/posts"}],"about":[{"href":"https:\/\/www.ministeriodegobierno.gob.ec\/derechoshumanos\/wp-json\/wp\/v2\/types\/post"}],"author":[{"embeddable":true,"href":"https:\/\/www.ministeriodegobierno.gob.ec\/derechoshumanos\/wp-json\/wp\/v2\/users\/10"}],"replies":[{"embeddable":true,"href":"https:\/\/www.ministeriodegobierno.gob.ec\/derechoshumanos\/wp-json\/wp\/v2\/comments?post=12526"}],"version-history":[{"count":2,"href":"https:\/\/www.ministeriodegobierno.gob.ec\/derechoshumanos\/wp-json\/wp\/v2\/posts\/12526\/revisions"}],"predecessor-version":[{"id":12529,"href":"https:\/\/www.ministeriodegobierno.gob.ec\/derechoshumanos\/wp-json\/wp\/v2\/posts\/12526\/revisions\/12529"}],"wp:attachment":[{"href":"https:\/\/www.ministeriodegobierno.gob.ec\/derechoshumanos\/wp-json\/wp\/v2\/media?parent=12526"}],"wp:term":[{"taxonomy":"category","embeddable":true,"href":"https:\/\/www.ministeriodegobierno.gob.ec\/derechoshumanos\/wp-json\/wp\/v2\/categories?post=12526"},{"taxonomy":"post_tag","embeddable":true,"href":"https:\/\/www.ministeriodegobierno.gob.ec\/derechoshumanos\/wp-json\/wp\/v2\/tags?post=12526"}],"curies":[{"name":"wp","href":"https:\/\/api.w.org\/{rel}","templated":true}]}}