{"id":12566,"date":"2022-05-12T08:31:34","date_gmt":"2022-05-12T13:31:34","guid":{"rendered":"https:\/\/www.derechoshumanos.gob.ec\/?p=12566"},"modified":"2022-05-12T08:31:36","modified_gmt":"2022-05-12T13:31:36","slug":"secretaria-de-derechos-humanos-articulo-acciones-con-unicef-para-actualizacion-de-diagnostico-de-poblacion-joven-lgbti","status":"publish","type":"post","link":"https:\/\/www.ministeriodegobierno.gob.ec\/derechoshumanos\/2022\/05\/12\/secretaria-de-derechos-humanos-articulo-acciones-con-unicef-para-actualizacion-de-diagnostico-de-poblacion-joven-lgbti\/","title":{"rendered":"SECRETAR\u00cdA DE DERECHOS HUMANOS ARTICUL\u00d3 ACCIONES CON UNICEF PARA ACTUALIZACI\u00d3N DE DIAGN\u00d3STICO DE POBLACI\u00d3N JOVEN LGBTI+"},"content":{"rendered":"\n<p class=\"wp-block-paragraph\">Quito.- La Secretar\u00eda de Derechos Humanos, a trav\u00e9s de la Subsecretar\u00eda de Diversidades, articul\u00f3 acciones de apoyo t\u00e9cnico y metodol\u00f3gico con UNICEF para la obtenci\u00f3n de datos de la poblaci\u00f3n joven LGBTI+, mediante el uso de su plataforma digital U-Report Ecuador, con la que se busca garantizar el derecho a la participaci\u00f3n de adolescentes y j\u00f3venes a nivel nacional. &nbsp;<\/p>\n\n\n\n<p class=\"wp-block-paragraph\">En el marco de la construcci\u00f3n del Plan de Acci\u00f3n de Diversidades 2021-2025 que lidera la Subsecretar\u00eda de Diversidades, se realiz\u00f3 la encuesta nacional a trav\u00e9s de U-Report desde el 10 de marzo hasta el 10 de abril del presente a\u00f1o, con 34.680 casos, de los cuales 29.225 fueron adolescentes y j\u00f3venes.<\/p>\n\n\n\n<p class=\"wp-block-paragraph\">Esto aport\u00f3 a superar el problema detectado en un primer momento de diagn\u00f3stico del Plan de Acci\u00f3n de Diversidades, referido a la insuficiencia de datos para identificar necesidades del grupo etario de Ni\u00f1as, Ni\u00f1os y Adolescentes (NNA) que limitaba establecer un enfoque intergeneracional adecuado en esta herramienta de incidencia de la pol\u00edtica p\u00fablica.<\/p>\n\n\n\n<p class=\"wp-block-paragraph\">Los resultados obtenidos en la encuesta han sido integrados en el Plan de Acci\u00f3n de Diversidades, cuya validaci\u00f3n con actores institucionales directamente vinculados a su ejecuci\u00f3n y representantes clave de las organizaciones de la sociedad civil se realizar\u00e1 a finales de mayo y principios de junio del a\u00f1o en curso.<\/p>\n","protected":false},"excerpt":{"rendered":"<p class=\"excerpt\">Quito.- La Secretar\u00eda de Derechos Humanos, a trav\u00e9s de la Subsecretar\u00eda de Diversidades, articul\u00f3 acciones de apoyo t\u00e9cnico y metodol\u00f3gico con UNICEF para la obtenci\u00f3n de datos de la poblaci\u00f3n joven LGBTI+, mediante el uso de su plataforma digital U-Report Ecuador, con la que se busca garantizar el derecho a la participaci\u00f3n de adolescentes y j\u00f3venes a nivel nacional. &nbsp;&hellip; <a href=\"https:\/\/www.ministeriodegobierno.gob.ec\/derechoshumanos\/2022\/05\/12\/secretaria-de-derechos-humanos-articulo-acciones-con-unicef-para-actualizacion-de-diagnostico-de-poblacion-joven-lgbti\/\">Read more &rarr;<\/a><\/p>\n","protected":false},"author":10,"featured_media":0,"comment_status":"closed","ping_status":"closed","sticky":false,"template":"","format":"standard","meta":{"footnotes":""},"categories":[20,5,6],"tags":[],"class_list":["post-12566","post","type-post","status-publish","format-standard","hentry","category-boletin-de-prensa","category-noticias","category-noticias-destacadas","xfolkentry"],"_links":{"self":[{"href":"https:\/\/www.ministeriodegobierno.gob.ec\/derechoshumanos\/wp-json\/wp\/v2\/posts\/12566","targetHints":{"allow":["GET"]}}],"collection":[{"href":"https:\/\/www.ministeriodegobierno.gob.ec\/derechoshumanos\/wp-json\/wp\/v2\/posts"}],"about":[{"href":"https:\/\/www.ministeriodegobierno.gob.ec\/derechoshumanos\/wp-json\/wp\/v2\/types\/post"}],"author":[{"embeddable":true,"href":"https:\/\/www.ministeriodegobierno.gob.ec\/derechoshumanos\/wp-json\/wp\/v2\/users\/10"}],"replies":[{"embeddable":true,"href":"https:\/\/www.ministeriodegobierno.gob.ec\/derechoshumanos\/wp-json\/wp\/v2\/comments?post=12566"}],"version-history":[{"count":1,"href":"https:\/\/www.ministeriodegobierno.gob.ec\/derechoshumanos\/wp-json\/wp\/v2\/posts\/12566\/revisions"}],"predecessor-version":[{"id":12567,"href":"https:\/\/www.ministeriodegobierno.gob.ec\/derechoshumanos\/wp-json\/wp\/v2\/posts\/12566\/revisions\/12567"}],"wp:attachment":[{"href":"https:\/\/www.ministeriodegobierno.gob.ec\/derechoshumanos\/wp-json\/wp\/v2\/media?parent=12566"}],"wp:term":[{"taxonomy":"category","embeddable":true,"href":"https:\/\/www.ministeriodegobierno.gob.ec\/derechoshumanos\/wp-json\/wp\/v2\/categories?post=12566"},{"taxonomy":"post_tag","embeddable":true,"href":"https:\/\/www.ministeriodegobierno.gob.ec\/derechoshumanos\/wp-json\/wp\/v2\/tags?post=12566"}],"curies":[{"name":"wp","href":"https:\/\/api.w.org\/{rel}","templated":true}]}}