{"id":12590,"date":"2022-05-13T12:09:50","date_gmt":"2022-05-13T17:09:50","guid":{"rendered":"https:\/\/www.derechoshumanos.gob.ec\/?p=12590"},"modified":"2022-05-13T13:00:38","modified_gmt":"2022-05-13T18:00:38","slug":"boletin-informativo-12-de-mayo-de-2022-2","status":"publish","type":"post","link":"https:\/\/www.ministeriodegobierno.gob.ec\/derechoshumanos\/2022\/05\/13\/boletin-informativo-12-de-mayo-de-2022-2\/","title":{"rendered":"Bolet\u00edn Informativo: Secretar\u00eda de Derechos Humanos mantiene reuni\u00f3n con organismo de Naciones Unidas Contra la Droga y el Delito"},"content":{"rendered":"\n<p class=\"wp-block-paragraph\" style=\"font-size:30px\"><strong>Secretar\u00eda de Derechos Humanos mantiene reuni\u00f3n con organismo de Naciones Unidas Contra la Droga y el Delito<\/strong><\/p>\n\n\n\n<p class=\"wp-block-paragraph\">Descarga <a href=\"https:\/\/www.ministeriodegobierno.gob.ec\/derechoshumanos\/wp-content\/uploads\/2022\/05\/Boleti\u0301n_UNODC-1.pdf\">AQUI<\/a><\/p>\n\n\n\n<figure class=\"wp-block-image size-large\"><a href=\"https:\/\/www.ministeriodegobierno.gob.ec\/derechoshumanos\/wp-content\/uploads\/2022\/05\/WhatsApp-Image-2022-05-13-at-12.07.04-PM.jpeg\"><img loading=\"lazy\" decoding=\"async\" width=\"1024\" height=\"1024\" src=\"https:\/\/www.ministeriodegobierno.gob.ec\/derechoshumanos\/wp-content\/uploads\/2022\/05\/WhatsApp-Image-2022-05-13-at-12.07.04-PM-1024x1024.jpeg\" alt=\"\" class=\"wp-image-12592\" srcset=\"https:\/\/www.ministeriodegobierno.gob.ec\/derechoshumanos\/wp-content\/uploads\/sites\/2\/2022\/05\/WhatsApp-Image-2022-05-13-at-12.07.04-PM-1024x1024.jpeg 1024w, https:\/\/www.ministeriodegobierno.gob.ec\/derechoshumanos\/wp-content\/uploads\/sites\/2\/2022\/05\/WhatsApp-Image-2022-05-13-at-12.07.04-PM-300x300.jpeg 300w, https:\/\/www.ministeriodegobierno.gob.ec\/derechoshumanos\/wp-content\/uploads\/sites\/2\/2022\/05\/WhatsApp-Image-2022-05-13-at-12.07.04-PM-150x150.jpeg 150w, https:\/\/www.ministeriodegobierno.gob.ec\/derechoshumanos\/wp-content\/uploads\/sites\/2\/2022\/05\/WhatsApp-Image-2022-05-13-at-12.07.04-PM-768x768.jpeg 768w, https:\/\/www.ministeriodegobierno.gob.ec\/derechoshumanos\/wp-content\/uploads\/sites\/2\/2022\/05\/WhatsApp-Image-2022-05-13-at-12.07.04-PM-100x100.jpeg 100w, https:\/\/www.ministeriodegobierno.gob.ec\/derechoshumanos\/wp-content\/uploads\/sites\/2\/2022\/05\/WhatsApp-Image-2022-05-13-at-12.07.04-PM.jpeg 1280w\" sizes=\"auto, (max-width: 1024px) 100vw, 1024px\" \/><\/a><\/figure>\n","protected":false},"excerpt":{"rendered":"<p class=\"excerpt\">Secretar\u00eda de Derechos Humanos mantiene reuni\u00f3n con organismo de Naciones Unidas Contra la Droga y el Delito Descarga AQUI <a href=\"https:\/\/www.ministeriodegobierno.gob.ec\/derechoshumanos\/2022\/05\/13\/boletin-informativo-12-de-mayo-de-2022-2\/\">Read more &rarr;<\/a><\/p>\n","protected":false},"author":10,"featured_media":0,"comment_status":"closed","ping_status":"closed","sticky":false,"template":"","format":"standard","meta":{"footnotes":""},"categories":[20,5,6],"tags":[],"class_list":["post-12590","post","type-post","status-publish","format-standard","hentry","category-boletin-de-prensa","category-noticias","category-noticias-destacadas","xfolkentry"],"_links":{"self":[{"href":"https:\/\/www.ministeriodegobierno.gob.ec\/derechoshumanos\/wp-json\/wp\/v2\/posts\/12590","targetHints":{"allow":["GET"]}}],"collection":[{"href":"https:\/\/www.ministeriodegobierno.gob.ec\/derechoshumanos\/wp-json\/wp\/v2\/posts"}],"about":[{"href":"https:\/\/www.ministeriodegobierno.gob.ec\/derechoshumanos\/wp-json\/wp\/v2\/types\/post"}],"author":[{"embeddable":true,"href":"https:\/\/www.ministeriodegobierno.gob.ec\/derechoshumanos\/wp-json\/wp\/v2\/users\/10"}],"replies":[{"embeddable":true,"href":"https:\/\/www.ministeriodegobierno.gob.ec\/derechoshumanos\/wp-json\/wp\/v2\/comments?post=12590"}],"version-history":[{"count":3,"href":"https:\/\/www.ministeriodegobierno.gob.ec\/derechoshumanos\/wp-json\/wp\/v2\/posts\/12590\/revisions"}],"predecessor-version":[{"id":12596,"href":"https:\/\/www.ministeriodegobierno.gob.ec\/derechoshumanos\/wp-json\/wp\/v2\/posts\/12590\/revisions\/12596"}],"wp:attachment":[{"href":"https:\/\/www.ministeriodegobierno.gob.ec\/derechoshumanos\/wp-json\/wp\/v2\/media?parent=12590"}],"wp:term":[{"taxonomy":"category","embeddable":true,"href":"https:\/\/www.ministeriodegobierno.gob.ec\/derechoshumanos\/wp-json\/wp\/v2\/categories?post=12590"},{"taxonomy":"post_tag","embeddable":true,"href":"https:\/\/www.ministeriodegobierno.gob.ec\/derechoshumanos\/wp-json\/wp\/v2\/tags?post=12590"}],"curies":[{"name":"wp","href":"https:\/\/api.w.org\/{rel}","templated":true}]}}