{"id":12677,"date":"2022-05-17T16:41:20","date_gmt":"2022-05-17T21:41:20","guid":{"rendered":"https:\/\/www.derechoshumanos.gob.ec\/?p=12677"},"modified":"2022-05-17T18:01:50","modified_gmt":"2022-05-17T23:01:50","slug":"en-loja-secretaria-de-derechos-humanos-actuo-en-favor-de-dos-mujeres-sobrevivientes-de-violencia","status":"publish","type":"post","link":"https:\/\/www.ministeriodegobierno.gob.ec\/derechoshumanos\/2022\/05\/17\/en-loja-secretaria-de-derechos-humanos-actuo-en-favor-de-dos-mujeres-sobrevivientes-de-violencia\/","title":{"rendered":"En Loja: Secretar\u00eda de Derechos Humanos actu\u00f3 en favor de dos mujeres sobrevivientes de violencia"},"content":{"rendered":"\n<p class=\"wp-block-paragraph\"><\/p>\n\n\n\n<figure class=\"wp-block-image size-large\"><a href=\"https:\/\/www.ministeriodegobierno.gob.ec\/derechoshumanos\/wp-content\/uploads\/2022\/05\/WhatsApp-Image-2022-05-17-at-4.38.34-PM.jpeg\"><img loading=\"lazy\" decoding=\"async\" width=\"1024\" height=\"768\" src=\"https:\/\/www.ministeriodegobierno.gob.ec\/derechoshumanos\/wp-content\/uploads\/2022\/05\/WhatsApp-Image-2022-05-17-at-4.38.34-PM-1024x768.jpeg\" alt=\"\" class=\"wp-image-12678\" srcset=\"https:\/\/www.ministeriodegobierno.gob.ec\/derechoshumanos\/wp-content\/uploads\/sites\/2\/2022\/05\/WhatsApp-Image-2022-05-17-at-4.38.34-PM-1024x768.jpeg 1024w, https:\/\/www.ministeriodegobierno.gob.ec\/derechoshumanos\/wp-content\/uploads\/sites\/2\/2022\/05\/WhatsApp-Image-2022-05-17-at-4.38.34-PM-300x225.jpeg 300w, https:\/\/www.ministeriodegobierno.gob.ec\/derechoshumanos\/wp-content\/uploads\/sites\/2\/2022\/05\/WhatsApp-Image-2022-05-17-at-4.38.34-PM-768x576.jpeg 768w, https:\/\/www.ministeriodegobierno.gob.ec\/derechoshumanos\/wp-content\/uploads\/sites\/2\/2022\/05\/WhatsApp-Image-2022-05-17-at-4.38.34-PM-1536x1152.jpeg 1536w, https:\/\/www.ministeriodegobierno.gob.ec\/derechoshumanos\/wp-content\/uploads\/sites\/2\/2022\/05\/WhatsApp-Image-2022-05-17-at-4.38.34-PM.jpeg 1600w\" sizes=\"auto, (max-width: 1024px) 100vw, 1024px\" \/><\/a><\/figure>\n\n\n\n<p class=\"wp-block-paragraph\">La Secretar\u00eda de Derechos Humanos articul\u00f3 acciones para rescatar a dos mujeres sobrevivientes de violencia desde la Coordinaci\u00f3n Zonal 7, en la provincia de Loja, en los casos de una adolescente ecuatoriana sobreviviente de violencia sexual en Per\u00fa y de una mujer de nacionalidad argentina y sus hijos.<\/p>\n\n\n\n<p class=\"wp-block-paragraph\">Las dos alertas fueron atendidas con el equipo t\u00e9cnico de la Zona, con la articulaci\u00f3n de acciones para brindar contenci\u00f3n emocional, asesor\u00eda legal y acompa\u00f1amiento, para la restituci\u00f3n de derechos y el trato digno a las afectadas.<\/p>\n\n\n\n<p class=\"wp-block-paragraph\">En el caso de la adolescente sobreviviente de violencia sexual se realizaron gestiones con Polic\u00eda Nacional y el Ministerio de Relaciones Exteriores para lograr el recuentro con sus padres en Huaquillas.<\/p>\n\n\n\n<p class=\"wp-block-paragraph\">Mientras que la mujer de nacionalidad argentina, que sufr\u00eda violencia f\u00edsica intrafamiliar, y ya est\u00e1 a buen recaudo con sus hijos. La alerta fue levantada por el Consulado Argentino en Ecuador. Est\u00e1s acciones tuvieron el apoyo t\u00e9cnico de la Organizaci\u00f3n sin fines de lucro \u201cMovimiento de Mujeres de El Oro\u201d.<\/p>\n\n\n\n<p class=\"wp-block-paragraph\">La Coordinadora T\u00e9cnica de la Zona 7, Soph\u00eda Cueva, resalt\u00f3: \u201cel trabajo en conjunto desarrollado en los dos casos, ha permitido salvaguardar la integridad y la vida de las sobrevivientes y sus familias\u201d.<\/p>\n\n\n\n<p class=\"wp-block-paragraph\"><strong>Dato<\/strong>:<\/p>\n\n\n\n<ul class=\"wp-block-list\"><li>La Secretar\u00eda de Derechos Humanos act\u00faa en el pa\u00eds con 45 Servicios de Protecci\u00f3n Integral (SPI) en las 24 provincias.<\/li><li>Sus equipos est\u00e1n integrados por psic\u00f3logos, trabajadores sociales y abogados para actuar en la restituci\u00f3n de derechos de sobrevivientes y v\u00edctimas de violencia.<\/li><\/ul>\n\n\n\n<p class=\"wp-block-paragraph\"><\/p>\n\n\n\n<p class=\"wp-block-paragraph\" style=\"font-size:10px\">Bolet\u00edn No. 017-2022 &#8211; SDH-OTZ7L<\/p>\n","protected":false},"excerpt":{"rendered":"<p class=\"excerpt\">La Secretar\u00eda de Derechos Humanos articul\u00f3 acciones para rescatar a dos mujeres sobrevivientes de violencia desde la Coordinaci\u00f3n Zonal 7, en la provincia de Loja, en los casos de una adolescente ecuatoriana sobreviviente de violencia sexual en Per\u00fa y de una mujer de nacionalidad argentina y sus hijos. Las dos alertas fueron atendidas con el equipo t\u00e9cnico de la Zona,&hellip; <a href=\"https:\/\/www.ministeriodegobierno.gob.ec\/derechoshumanos\/2022\/05\/17\/en-loja-secretaria-de-derechos-humanos-actuo-en-favor-de-dos-mujeres-sobrevivientes-de-violencia\/\">Read more &rarr;<\/a><\/p>\n","protected":false},"author":10,"featured_media":0,"comment_status":"closed","ping_status":"closed","sticky":false,"template":"","format":"standard","meta":{"footnotes":""},"categories":[20,5,6],"tags":[],"class_list":["post-12677","post","type-post","status-publish","format-standard","hentry","category-boletin-de-prensa","category-noticias","category-noticias-destacadas","xfolkentry"],"_links":{"self":[{"href":"https:\/\/www.ministeriodegobierno.gob.ec\/derechoshumanos\/wp-json\/wp\/v2\/posts\/12677","targetHints":{"allow":["GET"]}}],"collection":[{"href":"https:\/\/www.ministeriodegobierno.gob.ec\/derechoshumanos\/wp-json\/wp\/v2\/posts"}],"about":[{"href":"https:\/\/www.ministeriodegobierno.gob.ec\/derechoshumanos\/wp-json\/wp\/v2\/types\/post"}],"author":[{"embeddable":true,"href":"https:\/\/www.ministeriodegobierno.gob.ec\/derechoshumanos\/wp-json\/wp\/v2\/users\/10"}],"replies":[{"embeddable":true,"href":"https:\/\/www.ministeriodegobierno.gob.ec\/derechoshumanos\/wp-json\/wp\/v2\/comments?post=12677"}],"version-history":[{"count":2,"href":"https:\/\/www.ministeriodegobierno.gob.ec\/derechoshumanos\/wp-json\/wp\/v2\/posts\/12677\/revisions"}],"predecessor-version":[{"id":12681,"href":"https:\/\/www.ministeriodegobierno.gob.ec\/derechoshumanos\/wp-json\/wp\/v2\/posts\/12677\/revisions\/12681"}],"wp:attachment":[{"href":"https:\/\/www.ministeriodegobierno.gob.ec\/derechoshumanos\/wp-json\/wp\/v2\/media?parent=12677"}],"wp:term":[{"taxonomy":"category","embeddable":true,"href":"https:\/\/www.ministeriodegobierno.gob.ec\/derechoshumanos\/wp-json\/wp\/v2\/categories?post=12677"},{"taxonomy":"post_tag","embeddable":true,"href":"https:\/\/www.ministeriodegobierno.gob.ec\/derechoshumanos\/wp-json\/wp\/v2\/tags?post=12677"}],"curies":[{"name":"wp","href":"https:\/\/api.w.org\/{rel}","templated":true}]}}