{"id":12766,"date":"2022-05-25T18:26:54","date_gmt":"2022-05-25T23:26:54","guid":{"rendered":"https:\/\/www.derechoshumanos.gob.ec\/?p=12766"},"modified":"2022-05-25T18:26:55","modified_gmt":"2022-05-25T23:26:55","slug":"secretaria-de-derechos-humanos-expone-hoja-de-ruta-y-prioridades-para-precautelar-derechos-de-personas-privadas-de-la-libertad-ante-comision-de-la-asamblea","status":"publish","type":"post","link":"https:\/\/www.ministeriodegobierno.gob.ec\/derechoshumanos\/2022\/05\/25\/secretaria-de-derechos-humanos-expone-hoja-de-ruta-y-prioridades-para-precautelar-derechos-de-personas-privadas-de-la-libertad-ante-comision-de-la-asamblea\/","title":{"rendered":"Secretaria de Derechos Humanos expone hoja de ruta y prioridades para precautelar derechos de Personas Privadas de la Libertad ante Comisi\u00f3n de la Asamblea"},"content":{"rendered":"\n<p class=\"wp-block-paragraph\"><\/p>\n\n\n\n<p class=\"wp-block-paragraph\"><strong>Quito,&nbsp; Ecuador.- <\/strong>La Secretaria de Derechos Humanos, Paola Flores Jaramillo, compareci\u00f3 hoy ante la Comisi\u00f3n Especializada Permanente de Soberan\u00eda, Integraci\u00f3n y Seguridad Integral de la Asamblea Nacional para exponer las acciones desplegadas desde la instancia rectora de derechos humanos y la hoja de ruta implementar la Pol\u00edtica P\u00fablica de Rehabilitaci\u00f3n Social, con enfoque de derechos humanos.<\/p>\n\n\n\n<p class=\"wp-block-paragraph\">Indic\u00f3 que, en el seguimiento de la implementaci\u00f3n de la Pol\u00edtica P\u00fablica, aprobada en febrero, se ejecuta una revisi\u00f3n para perfeccionarla y garantizar la eficacia de los procesos en atenci\u00f3n de un trato digno de las Personas Privadas de la Libertad, que son parte de los grupos de atenci\u00f3n prioritaria.<\/p>\n\n\n\n<p class=\"wp-block-paragraph\">\u201cLas personas en situaci\u00f3n de privaci\u00f3n de libertad no dejan su condici\u00f3n de seres humanos\u201d, puntualiz\u00f3 la Secretaria, quien se\u00f1al\u00f3 que ya se cuenta con una hoja de ruta, de cumplimiento obligatorio por parte de las entidades miembros del Directorio del Organismo T\u00e9cnico del Sistema Nacional de Rehabilitaci\u00f3n Social, el cual es presidido por Flores Jaramillo.<\/p>\n\n\n\n<p class=\"wp-block-paragraph\">Para el debido seguimiento y fiscalizaci\u00f3n est\u00e1 programado el env\u00edo quincenal de los avances, como muestra de transparencia en la gesti\u00f3n, y se\u00f1al\u00f3 adem\u00e1s que este jueves ha dispuesto la convocatoria del Directorio para analizar los siguientes pasos.<\/p>\n\n\n\n<p class=\"wp-block-paragraph\">\u201cEs indispensable que tanto la \u00b4Pol\u00edtica P\u00fablica de Rehabilitaci\u00f3n Social como el Sistema Penitenciario sean manejados de manera justa y con trato digno\u201d, recalc\u00f3.<\/p>\n\n\n\n<p class=\"wp-block-paragraph\">Para finalizar su intervenci\u00f3n manifest\u00f3 que su gesti\u00f3n tiene como prioridades, promover el desarrollo de pol\u00edticas p\u00fablicas en el marco de los derechos humanos con la participaci\u00f3n y corresponsabilidad del Gobierno Nacional y la ciudadan\u00eda y propender a la ejecuci\u00f3n de proyectos que permitan mejorar la calidad de vida de las personas privadas de la libertad y sus familias, con medidas t\u00e9cnicas adecuadamente definidas, entre otras.<\/p>\n\n\n\n<p class=\"wp-block-paragraph\"><strong>La frase<\/strong><\/p>\n\n\n\n<p class=\"wp-block-paragraph\">\u201cEn mi gesti\u00f3n pondr\u00e9 especial atenci\u00f3n a los grupos doblemente vulnerables, mujeres, ni\u00f1os, ni\u00f1as y adolescentes que se encuentran en los centros de privaci\u00f3n de libertad con pol\u00edticas p\u00fablicas\u201d dijo la Presidenta del DOT.<\/p>\n\n\n\n<p class=\"wp-block-paragraph\"><strong>El dato<\/strong><\/p>\n\n\n\n<ul class=\"wp-block-list\"><li>La Secretaria de Derechos Humanos, Paola Flores Jaramillo, indic\u00f3 en su calidad de Presidenta del Directorio del Organismo T\u00e9cnico del Sistema de Rehabilitaci\u00f3n que se han establecido fases de implementaci\u00f3n de la Pol\u00edtica P\u00fablica hacia una verdadera rehabilitaci\u00f3n social.<\/li><\/ul>\n","protected":false},"excerpt":{"rendered":"<p class=\"excerpt\">Quito,&nbsp; Ecuador.- La Secretaria de Derechos Humanos, Paola Flores Jaramillo, compareci\u00f3 hoy ante la Comisi\u00f3n Especializada Permanente de Soberan\u00eda, Integraci\u00f3n y Seguridad Integral de la Asamblea Nacional para exponer las acciones desplegadas desde la instancia rectora de derechos humanos y la hoja de ruta implementar la Pol\u00edtica P\u00fablica de Rehabilitaci\u00f3n Social, con enfoque de derechos humanos. Indic\u00f3 que, en el&hellip; <a href=\"https:\/\/www.ministeriodegobierno.gob.ec\/derechoshumanos\/2022\/05\/25\/secretaria-de-derechos-humanos-expone-hoja-de-ruta-y-prioridades-para-precautelar-derechos-de-personas-privadas-de-la-libertad-ante-comision-de-la-asamblea\/\">Read more &rarr;<\/a><\/p>\n","protected":false},"author":6,"featured_media":12767,"comment_status":"closed","ping_status":"closed","sticky":false,"template":"","format":"standard","meta":{"footnotes":""},"categories":[20,5,6],"tags":[],"class_list":["post-12766","post","type-post","status-publish","format-standard","has-post-thumbnail","hentry","category-boletin-de-prensa","category-noticias","category-noticias-destacadas","xfolkentry"],"_links":{"self":[{"href":"https:\/\/www.ministeriodegobierno.gob.ec\/derechoshumanos\/wp-json\/wp\/v2\/posts\/12766","targetHints":{"allow":["GET"]}}],"collection":[{"href":"https:\/\/www.ministeriodegobierno.gob.ec\/derechoshumanos\/wp-json\/wp\/v2\/posts"}],"about":[{"href":"https:\/\/www.ministeriodegobierno.gob.ec\/derechoshumanos\/wp-json\/wp\/v2\/types\/post"}],"author":[{"embeddable":true,"href":"https:\/\/www.ministeriodegobierno.gob.ec\/derechoshumanos\/wp-json\/wp\/v2\/users\/6"}],"replies":[{"embeddable":true,"href":"https:\/\/www.ministeriodegobierno.gob.ec\/derechoshumanos\/wp-json\/wp\/v2\/comments?post=12766"}],"version-history":[{"count":1,"href":"https:\/\/www.ministeriodegobierno.gob.ec\/derechoshumanos\/wp-json\/wp\/v2\/posts\/12766\/revisions"}],"predecessor-version":[{"id":12768,"href":"https:\/\/www.ministeriodegobierno.gob.ec\/derechoshumanos\/wp-json\/wp\/v2\/posts\/12766\/revisions\/12768"}],"wp:featuredmedia":[{"embeddable":true,"href":"https:\/\/www.ministeriodegobierno.gob.ec\/derechoshumanos\/wp-json\/wp\/v2\/media\/12767"}],"wp:attachment":[{"href":"https:\/\/www.ministeriodegobierno.gob.ec\/derechoshumanos\/wp-json\/wp\/v2\/media?parent=12766"}],"wp:term":[{"taxonomy":"category","embeddable":true,"href":"https:\/\/www.ministeriodegobierno.gob.ec\/derechoshumanos\/wp-json\/wp\/v2\/categories?post=12766"},{"taxonomy":"post_tag","embeddable":true,"href":"https:\/\/www.ministeriodegobierno.gob.ec\/derechoshumanos\/wp-json\/wp\/v2\/tags?post=12766"}],"curies":[{"name":"wp","href":"https:\/\/api.w.org\/{rel}","templated":true}]}}