{"id":12770,"date":"2022-05-26T18:54:43","date_gmt":"2022-05-26T23:54:43","guid":{"rendered":"https:\/\/www.derechoshumanos.gob.ec\/?p=12770"},"modified":"2022-05-26T18:54:46","modified_gmt":"2022-05-26T23:54:46","slug":"directorio-del-organismo-tecnico-del-sistema-nacional-de-rehabilitacion-social-informan-acciones-para-implementar-la-politica-publica","status":"publish","type":"post","link":"https:\/\/www.ministeriodegobierno.gob.ec\/derechoshumanos\/2022\/05\/26\/directorio-del-organismo-tecnico-del-sistema-nacional-de-rehabilitacion-social-informan-acciones-para-implementar-la-politica-publica\/","title":{"rendered":"Directorio del Organismo T\u00e9cnico del Sistema Nacional de Rehabilitaci\u00f3n Social informan acciones para implementar la Pol\u00edtica P\u00fablica"},"content":{"rendered":"\n<p class=\"wp-block-paragraph\">Quito, Ecuador._ El Directorio del Organismo T\u00e9cnico del Sistema Nacional&nbsp;de Rehabilitaci\u00f3n Social (SNRS)&nbsp;se instal\u00f3 en sesi\u00f3n&nbsp;para conocer las acciones realizadas por cada instituci\u00f3n en el marco de sus competencias para la implementaci\u00f3n y ejecuci\u00f3n de la Pol\u00edtica P\u00fablica de Rehabilitaci\u00f3n Social con enfoque de Derechos Humanos, aprobada por unanimidad en febrero de este a\u00f1o.<\/p>\n\n\n\n<p class=\"wp-block-paragraph\">En la reuni\u00f3n, la&nbsp;Presidenta del Directorio, Paola Flores Jaramillo, &nbsp;dispuso que, una vez que se realice las matrices para&nbsp;asignaci\u00f3n de presupuesto para la ejecuci\u00f3n del&nbsp;Plan Integral de Rehabilitaci\u00f3n Social 2022&nbsp;\u2013&nbsp;2025,&nbsp;se activen las mesas t\u00e9cnicas que tendr\u00e1n la responsabilidad de llenar las mismas, para lo que se pidi\u00f3&nbsp;se designe un delegado de cada instituci\u00f3n del Directorio del Organismo T\u00e9cnico que tenga poder de decisi\u00f3n para avanzar de manera \u00e1gil con este proceso. Adem\u00e1s,<a><\/a>&nbsp;se\u00f1al\u00f3 que,&nbsp;se informar\u00e1 el&nbsp;cronograma para el cumplimiento de esta disposici\u00f3n que estar\u00e1 a cargo la Subsecretaria&nbsp;de Derechos Humanos,&nbsp;Elizabeth Zhunio.<\/p>\n\n\n\n<p class=\"wp-block-paragraph\">La Presidenta&nbsp;tambi\u00e9n indic\u00f3 que,&nbsp;las conclusiones y acuerdos de los miembros del Directorio del Organismo T\u00e9cnico del Sistema Nacional de Rehabilitaci\u00f3n Social ser\u00e1n comunicados al Presidente&nbsp;de la Rep\u00fablica y diferentes Ministerios involucrados, para que la implementaci\u00f3n de la Pol\u00edtica P\u00fablica de Rehabilitaci\u00f3n Social 2022 &#8211;&nbsp;2025 &nbsp;no quede en un documento,&nbsp;sino&nbsp;que&nbsp;sea plasmada en la ejecuci\u00f3n del&nbsp;servicio de&nbsp;atenci\u00f3n aesta poblaci\u00f3n&nbsp;prioritaria.<\/p>\n\n\n\n<p class=\"wp-block-paragraph\"><strong>El Dato:<\/strong>&#8211;&nbsp;El Directorio del Organismo T\u00e9cnico del Sistema Nacional de Rehabilitaci\u00f3n Social aprob\u00f3 por unanimidad la Pol\u00edtica P\u00fablica de Rehabilitaci\u00f3n Social con enfoque de Derechos Humanos, en febrero de 2022, la cual fue entregada al Presidente de la Rep\u00fablica.-&nbsp;El Directorio est\u00e1 presidido por Paola Flores Jaramillo, en su calidad de Secretaria de Derechos Humanos.-&nbsp;El organismo har\u00e1 el seguimiento de la implementaci\u00f3n de la Pol\u00edtica P\u00fablica cuyo objetivo es contar con un verdadero sistema de rehabilitaci\u00f3n social.<\/p>\n","protected":false},"excerpt":{"rendered":"<p class=\"excerpt\">Quito, Ecuador._ El Directorio del Organismo T\u00e9cnico del Sistema Nacional&nbsp;de Rehabilitaci\u00f3n Social (SNRS)&nbsp;se instal\u00f3 en sesi\u00f3n&nbsp;para conocer las acciones realizadas por cada instituci\u00f3n en el marco de sus competencias para la implementaci\u00f3n y ejecuci\u00f3n de la Pol\u00edtica P\u00fablica de Rehabilitaci\u00f3n Social con enfoque de Derechos Humanos, aprobada por unanimidad en febrero de este a\u00f1o. En la reuni\u00f3n, la&nbsp;Presidenta del Directorio,&hellip; <a href=\"https:\/\/www.ministeriodegobierno.gob.ec\/derechoshumanos\/2022\/05\/26\/directorio-del-organismo-tecnico-del-sistema-nacional-de-rehabilitacion-social-informan-acciones-para-implementar-la-politica-publica\/\">Read more &rarr;<\/a><\/p>\n","protected":false},"author":6,"featured_media":12771,"comment_status":"closed","ping_status":"closed","sticky":false,"template":"","format":"standard","meta":{"footnotes":""},"categories":[20,5,6],"tags":[],"class_list":["post-12770","post","type-post","status-publish","format-standard","has-post-thumbnail","hentry","category-boletin-de-prensa","category-noticias","category-noticias-destacadas","xfolkentry"],"_links":{"self":[{"href":"https:\/\/www.ministeriodegobierno.gob.ec\/derechoshumanos\/wp-json\/wp\/v2\/posts\/12770","targetHints":{"allow":["GET"]}}],"collection":[{"href":"https:\/\/www.ministeriodegobierno.gob.ec\/derechoshumanos\/wp-json\/wp\/v2\/posts"}],"about":[{"href":"https:\/\/www.ministeriodegobierno.gob.ec\/derechoshumanos\/wp-json\/wp\/v2\/types\/post"}],"author":[{"embeddable":true,"href":"https:\/\/www.ministeriodegobierno.gob.ec\/derechoshumanos\/wp-json\/wp\/v2\/users\/6"}],"replies":[{"embeddable":true,"href":"https:\/\/www.ministeriodegobierno.gob.ec\/derechoshumanos\/wp-json\/wp\/v2\/comments?post=12770"}],"version-history":[{"count":1,"href":"https:\/\/www.ministeriodegobierno.gob.ec\/derechoshumanos\/wp-json\/wp\/v2\/posts\/12770\/revisions"}],"predecessor-version":[{"id":12772,"href":"https:\/\/www.ministeriodegobierno.gob.ec\/derechoshumanos\/wp-json\/wp\/v2\/posts\/12770\/revisions\/12772"}],"wp:featuredmedia":[{"embeddable":true,"href":"https:\/\/www.ministeriodegobierno.gob.ec\/derechoshumanos\/wp-json\/wp\/v2\/media\/12771"}],"wp:attachment":[{"href":"https:\/\/www.ministeriodegobierno.gob.ec\/derechoshumanos\/wp-json\/wp\/v2\/media?parent=12770"}],"wp:term":[{"taxonomy":"category","embeddable":true,"href":"https:\/\/www.ministeriodegobierno.gob.ec\/derechoshumanos\/wp-json\/wp\/v2\/categories?post=12770"},{"taxonomy":"post_tag","embeddable":true,"href":"https:\/\/www.ministeriodegobierno.gob.ec\/derechoshumanos\/wp-json\/wp\/v2\/tags?post=12770"}],"curies":[{"name":"wp","href":"https:\/\/api.w.org\/{rel}","templated":true}]}}