{"id":12779,"date":"2022-05-27T19:22:05","date_gmt":"2022-05-28T00:22:05","guid":{"rendered":"https:\/\/www.derechoshumanos.gob.ec\/?p=12779"},"modified":"2022-05-27T19:22:05","modified_gmt":"2022-05-28T00:22:05","slug":"taller-de-prevencion-de-todas-las-formas-de-violencia-para-estudiantes-en-loja","status":"publish","type":"post","link":"https:\/\/www.ministeriodegobierno.gob.ec\/derechoshumanos\/2022\/05\/27\/taller-de-prevencion-de-todas-las-formas-de-violencia-para-estudiantes-en-loja\/","title":{"rendered":"TALLER DE PREVENCI\u00d3N DE TODAS LAS FORMAS DE VIOLENCIA PARA ESTUDIANTES EN LOJA"},"content":{"rendered":"\n<p class=\"wp-block-paragraph\"><\/p>\n\n\n\n<p class=\"wp-block-paragraph\"><strong>Loja<\/strong><strong>,&nbsp;<\/strong><strong>Ecuador<\/strong><strong>.-<\/strong>&nbsp;La&nbsp;Secretar\u00eda de Derechos Humanos ofreci\u00f3&nbsp;el&nbsp;\u201cTaller Integral para prevenci\u00f3n de todas las formas de violencia\u201d, dirigido a&nbsp;estudiantes&nbsp;de la secci\u00f3n b\u00e1sica perteneciente a los novenos a\u00f1os paralelos A-B-C-D de la Unidad Educativa \u201cMater Dei\u201d, de&nbsp;laprovincia de Loja.<\/p>\n\n\n\n<p class=\"wp-block-paragraph\">La ejecuci\u00f3n del&nbsp;taller se realiz\u00f3&nbsp;en dos d\u00edas&nbsp;con las medidas de bioseguridad&nbsp;<a><\/a>en el sal\u00f3n&nbsp;de Audiovisuales de la instituci\u00f3n, con la participaci\u00f3n de&nbsp;70&nbsp;personas&nbsp;por d\u00edaaproximadamente, distribuidos de la siguiente manera: el&nbsp;mi\u00e9rcoles 25&nbsp;de mayo,&nbsp;asistieron&nbsp;72 alumnos de los novenos A y B, el d\u00eda&nbsp;jueves 26&nbsp;de mayo&nbsp;73 alumnos de los novenos C y D, contando con la&nbsp;colaboraci\u00f3n por parte de los docentes tutores en los d\u00edas mencionados.<\/p>\n\n\n\n<p class=\"wp-block-paragraph\">El objetivo fundamental fue&nbsp;sensibilizar&nbsp;a los estudiantes acerca de la violencia, tipos de violencia,&nbsp;bullying&nbsp;o acoso escolar, sus causas y consecuencias.<\/p>\n\n\n\n<p class=\"wp-block-paragraph\">Se coordin\u00f3 con la Rectora de la Unidad Educativa Hna. Carolina Escalante Cruz, seguir llevando a cabo este tipo de capacitaciones que van acorde a la erradicaci\u00f3n de la violencia, en beneficio de los ni\u00f1os, ni\u00f1as y adolescentes.<\/p>\n\n\n\n<p class=\"wp-block-paragraph\">Soph\u00eda&nbsp;Cueva Mej\u00eda, Coordinadora de la Oficina T\u00e9cnica Zonal 7 indic\u00f3 \u201cque el trabajo preventivo realizado por la Secretar\u00eda de Derechos Humanos a trav\u00e9s de sus Equipos deL Servicio de Protecci\u00f3n Integral, son fundamentales en ni\u00f1os, ni\u00f1as y adolescentes para erradicar todas las formas&nbsp;<\/p>\n","protected":false},"excerpt":{"rendered":"<p class=\"excerpt\">Loja,&nbsp;Ecuador.-&nbsp;La&nbsp;Secretar\u00eda de Derechos Humanos ofreci\u00f3&nbsp;el&nbsp;\u201cTaller Integral para prevenci\u00f3n de todas las formas de violencia\u201d, dirigido a&nbsp;estudiantes&nbsp;de la secci\u00f3n b\u00e1sica perteneciente a los novenos a\u00f1os paralelos A-B-C-D de la Unidad Educativa \u201cMater Dei\u201d, de&nbsp;laprovincia de Loja. La ejecuci\u00f3n del&nbsp;taller se realiz\u00f3&nbsp;en dos d\u00edas&nbsp;con las medidas de bioseguridad&nbsp;en el sal\u00f3n&nbsp;de Audiovisuales de la instituci\u00f3n, con la participaci\u00f3n de&nbsp;70&nbsp;personas&nbsp;por d\u00edaaproximadamente, distribuidos de la&hellip; <a href=\"https:\/\/www.ministeriodegobierno.gob.ec\/derechoshumanos\/2022\/05\/27\/taller-de-prevencion-de-todas-las-formas-de-violencia-para-estudiantes-en-loja\/\">Read more &rarr;<\/a><\/p>\n","protected":false},"author":6,"featured_media":12780,"comment_status":"closed","ping_status":"closed","sticky":false,"template":"","format":"standard","meta":{"footnotes":""},"categories":[20,5,6],"tags":[],"class_list":["post-12779","post","type-post","status-publish","format-standard","has-post-thumbnail","hentry","category-boletin-de-prensa","category-noticias","category-noticias-destacadas","xfolkentry"],"_links":{"self":[{"href":"https:\/\/www.ministeriodegobierno.gob.ec\/derechoshumanos\/wp-json\/wp\/v2\/posts\/12779","targetHints":{"allow":["GET"]}}],"collection":[{"href":"https:\/\/www.ministeriodegobierno.gob.ec\/derechoshumanos\/wp-json\/wp\/v2\/posts"}],"about":[{"href":"https:\/\/www.ministeriodegobierno.gob.ec\/derechoshumanos\/wp-json\/wp\/v2\/types\/post"}],"author":[{"embeddable":true,"href":"https:\/\/www.ministeriodegobierno.gob.ec\/derechoshumanos\/wp-json\/wp\/v2\/users\/6"}],"replies":[{"embeddable":true,"href":"https:\/\/www.ministeriodegobierno.gob.ec\/derechoshumanos\/wp-json\/wp\/v2\/comments?post=12779"}],"version-history":[{"count":1,"href":"https:\/\/www.ministeriodegobierno.gob.ec\/derechoshumanos\/wp-json\/wp\/v2\/posts\/12779\/revisions"}],"predecessor-version":[{"id":12781,"href":"https:\/\/www.ministeriodegobierno.gob.ec\/derechoshumanos\/wp-json\/wp\/v2\/posts\/12779\/revisions\/12781"}],"wp:featuredmedia":[{"embeddable":true,"href":"https:\/\/www.ministeriodegobierno.gob.ec\/derechoshumanos\/wp-json\/wp\/v2\/media\/12780"}],"wp:attachment":[{"href":"https:\/\/www.ministeriodegobierno.gob.ec\/derechoshumanos\/wp-json\/wp\/v2\/media?parent=12779"}],"wp:term":[{"taxonomy":"category","embeddable":true,"href":"https:\/\/www.ministeriodegobierno.gob.ec\/derechoshumanos\/wp-json\/wp\/v2\/categories?post=12779"},{"taxonomy":"post_tag","embeddable":true,"href":"https:\/\/www.ministeriodegobierno.gob.ec\/derechoshumanos\/wp-json\/wp\/v2\/tags?post=12779"}],"curies":[{"name":"wp","href":"https:\/\/api.w.org\/{rel}","templated":true}]}}