{"id":12782,"date":"2022-05-27T19:24:46","date_gmt":"2022-05-28T00:24:46","guid":{"rendered":"https:\/\/www.derechoshumanos.gob.ec\/?p=12782"},"modified":"2022-05-27T19:24:46","modified_gmt":"2022-05-28T00:24:46","slug":"talleres-de-prevencion-de-violencia-de-genero-se-realizan-en-manta","status":"publish","type":"post","link":"https:\/\/www.ministeriodegobierno.gob.ec\/derechoshumanos\/2022\/05\/27\/talleres-de-prevencion-de-violencia-de-genero-se-realizan-en-manta\/","title":{"rendered":"TALLERES DE PREVENCI\u00d3N DE VIOLENCIA DE G\u00c9NERO SE REALIZAN EN MANTA"},"content":{"rendered":"\n<p class=\"wp-block-paragraph\"><strong>Manta,&nbsp;<\/strong><strong>Ecuador.-<\/strong>&nbsp;El Servicio de Protecci\u00f3n Integral&nbsp;(SPI)&nbsp;contin\u00faa brindando charlas&nbsp;informativas&nbsp;para prevenci\u00f3n de&nbsp;violencia contra ni\u00f1as, ni\u00f1os y adolescentes, violencia de g\u00e9nero, rutas, y servicios&nbsp;de&nbsp;la&nbsp;Secretar\u00eda de Derechos Humanos dirigida&nbsp;a&nbsp;madres y&nbsp;padres de familia que acuden al&nbsp;Espacio de&nbsp;Apoyo&nbsp;Integral de la ciudad de&nbsp;Manta.<\/p>\n\n\n\n<p class=\"wp-block-paragraph\">Como parte de las actividades, se&nbsp;realizan&nbsp;preguntas y&nbsp;respuestas y actividades l\u00fadicas como la t\u00e9cnica para evaluar conocimientos denominada \u201cLa Telara\u00f1a\u201d&nbsp;y&nbsp;se&nbsp;entregaron&nbsp;tarjetas informativas a los participantes&nbsp;con los n\u00fameros de contacto de&nbsp;los Centros de Atenci\u00f3n en zonas de Manab\u00ed y Santo Domingo&nbsp;de los Ts\u00e1chilas.<\/p>\n\n\n\n<p class=\"wp-block-paragraph\">La finalidad de estos talleres es&nbsp;sensibilizar a la poblaci\u00f3n en temas de violencia y&nbsp;dar a conocer&nbsp;los servicios&nbsp;a los que pueden acudir&nbsp;en caso de ser&nbsp;v\u00edctimas de vulneraci\u00f3n de derechos humanos.&nbsp;<\/p>\n\n\n\n<p class=\"wp-block-paragraph\">En estas charlas participaron&nbsp;52 personas que&nbsp;despejaron dudas e inquietudes. Con estas actividades,&nbsp;la Secretar\u00eda de Derechos Humanos&nbsp;puede&nbsp;identificar posibles casos de violencia y&nbsp;activar los debidos procesos para una atenci\u00f3n integral<\/p>\n\n\n\n<p class=\"wp-block-paragraph\">Juan Carlos Pe\u00f1afiel, Coordinador&nbsp;de la Oficina T\u00e9cnica 4, se\u00f1al\u00f3 que&nbsp;como Secretar\u00eda de Derechos Humanos&nbsp;brindar capacitaciones&nbsp;a madres y padres de familias&nbsp;permite&nbsp;sensibilizarlos&nbsp;en temas de violencia y&nbsp;contribuye a reducir el riesgo de&nbsp;caer en ella.<\/p>\n","protected":false},"excerpt":{"rendered":"<p class=\"excerpt\">Manta,&nbsp;Ecuador.-&nbsp;El Servicio de Protecci\u00f3n Integral&nbsp;(SPI)&nbsp;contin\u00faa brindando charlas&nbsp;informativas&nbsp;para prevenci\u00f3n de&nbsp;violencia contra ni\u00f1as, ni\u00f1os y adolescentes, violencia de g\u00e9nero, rutas, y servicios&nbsp;de&nbsp;la&nbsp;Secretar\u00eda de Derechos Humanos dirigida&nbsp;a&nbsp;madres y&nbsp;padres de familia que acuden al&nbsp;Espacio de&nbsp;Apoyo&nbsp;Integral de la ciudad de&nbsp;Manta. Como parte de las actividades, se&nbsp;realizan&nbsp;preguntas y&nbsp;respuestas y actividades l\u00fadicas como la t\u00e9cnica para evaluar conocimientos denominada \u201cLa Telara\u00f1a\u201d&nbsp;y&nbsp;se&nbsp;entregaron&nbsp;tarjetas informativas a los participantes&nbsp;con los n\u00fameros&hellip; <a href=\"https:\/\/www.ministeriodegobierno.gob.ec\/derechoshumanos\/2022\/05\/27\/talleres-de-prevencion-de-violencia-de-genero-se-realizan-en-manta\/\">Read more &rarr;<\/a><\/p>\n","protected":false},"author":6,"featured_media":12783,"comment_status":"closed","ping_status":"closed","sticky":false,"template":"","format":"standard","meta":{"footnotes":""},"categories":[20,5,6],"tags":[],"class_list":["post-12782","post","type-post","status-publish","format-standard","has-post-thumbnail","hentry","category-boletin-de-prensa","category-noticias","category-noticias-destacadas","xfolkentry"],"_links":{"self":[{"href":"https:\/\/www.ministeriodegobierno.gob.ec\/derechoshumanos\/wp-json\/wp\/v2\/posts\/12782","targetHints":{"allow":["GET"]}}],"collection":[{"href":"https:\/\/www.ministeriodegobierno.gob.ec\/derechoshumanos\/wp-json\/wp\/v2\/posts"}],"about":[{"href":"https:\/\/www.ministeriodegobierno.gob.ec\/derechoshumanos\/wp-json\/wp\/v2\/types\/post"}],"author":[{"embeddable":true,"href":"https:\/\/www.ministeriodegobierno.gob.ec\/derechoshumanos\/wp-json\/wp\/v2\/users\/6"}],"replies":[{"embeddable":true,"href":"https:\/\/www.ministeriodegobierno.gob.ec\/derechoshumanos\/wp-json\/wp\/v2\/comments?post=12782"}],"version-history":[{"count":1,"href":"https:\/\/www.ministeriodegobierno.gob.ec\/derechoshumanos\/wp-json\/wp\/v2\/posts\/12782\/revisions"}],"predecessor-version":[{"id":12784,"href":"https:\/\/www.ministeriodegobierno.gob.ec\/derechoshumanos\/wp-json\/wp\/v2\/posts\/12782\/revisions\/12784"}],"wp:featuredmedia":[{"embeddable":true,"href":"https:\/\/www.ministeriodegobierno.gob.ec\/derechoshumanos\/wp-json\/wp\/v2\/media\/12783"}],"wp:attachment":[{"href":"https:\/\/www.ministeriodegobierno.gob.ec\/derechoshumanos\/wp-json\/wp\/v2\/media?parent=12782"}],"wp:term":[{"taxonomy":"category","embeddable":true,"href":"https:\/\/www.ministeriodegobierno.gob.ec\/derechoshumanos\/wp-json\/wp\/v2\/categories?post=12782"},{"taxonomy":"post_tag","embeddable":true,"href":"https:\/\/www.ministeriodegobierno.gob.ec\/derechoshumanos\/wp-json\/wp\/v2\/tags?post=12782"}],"curies":[{"name":"wp","href":"https:\/\/api.w.org\/{rel}","templated":true}]}}