{"id":12786,"date":"2022-06-01T10:09:59","date_gmt":"2022-06-01T15:09:59","guid":{"rendered":"https:\/\/www.derechoshumanos.gob.ec\/?p=12786"},"modified":"2022-06-01T10:10:00","modified_gmt":"2022-06-01T15:10:00","slug":"arranco-la-construccion-del-modelo-de-gestion-de-los-centros-violeta","status":"publish","type":"post","link":"https:\/\/www.ministeriodegobierno.gob.ec\/derechoshumanos\/2022\/06\/01\/arranco-la-construccion-del-modelo-de-gestion-de-los-centros-violeta\/","title":{"rendered":"Arranc\u00f3 la construcci\u00f3n del modelo de gesti\u00f3n de los Centros Violeta"},"content":{"rendered":"\n<p class=\"wp-block-paragraph\"><\/p>\n\n\n\n<p class=\"wp-block-paragraph\"><strong>Quito, Ecuador.-<\/strong> Inici\u00f3 la construcci\u00f3n del modelo de gesti\u00f3n para la implementaci\u00f3n del proyecto emblem\u00e1tico Centros Violeta con la instalaci\u00f3n de las mesas t\u00e9cnicas con la participaci\u00f3n de las instituciones que integran\u00a0del Sistema Nacional Integral para la Prevenci\u00f3n y Erradicaci\u00f3n de la Violencia Contra las Mujeres, organizaciones sociales, Cooperaci\u00f3n Internacional, organizaciones no gubernamentales, sociedad civil y Academia.<\/p>\n\n\n\n<p class=\"wp-block-paragraph\">Estas mesas de trabajo se realizan para articular la capacidad de respuesta en la atenci\u00f3n de los casos de una manera r\u00e1pida, eficaz, eficiente y oportuna, mediante acciones que permitan prevenir, atender, proteger, reparar de manera integral y realizar el seguimiento a la atenci\u00f3n brindada, contribuyendo al ejercicio del derecho a una vida libre de violencia como respuesta del Estado.<\/p>\n\n\n\n<p class=\"wp-block-paragraph\">Jos\u00e9 Antonio S\u00e1nchez, Subsecretario de Prevenci\u00f3n y Erradicaci\u00f3n de la Violencia contra las Mujeres, Ni\u00f1as, Ni\u00f1os y Adolescentes, indic\u00f3 que estas reuniones de trabajo son fundamentales para construir y fortalecer el modelo para la gesti\u00f3n de los Centros Violeta, proyecto emblem\u00e1tico nace como prioridad para la atenci\u00f3n integral a v\u00edctimas de violencia de g\u00e9nero.<\/p>\n\n\n\n<p class=\"wp-block-paragraph\">Los Centros Violeta son espacios multidisciplinarios l\u00fadicos y amigables, en los cuales participan las Instituciones que forman parte del Sistema Nacional Integral para Prevenir y Erradicar la Violencia contra las Mujeres, que aportar\u00e1n desde sus competencias a la atenci\u00f3n integral a mujeres, ni\u00f1as, ni\u00f1os, adolescentes y dem\u00e1s v\u00edctimas de cualquier tipo de violencia basada en g\u00e9nero, a nivel nacional.<\/p>\n\n\n\n<p class=\"wp-block-paragraph\">En el cronograma de trabajo que se aplica, en esta semana se trabajar\u00e1 con los Ministerios de Salud, Educaci\u00f3n, Inclusi\u00f3n Econ\u00f3mica y Social y la Polic\u00eda Nacional, la pr\u00f3xima semana las reuniones ser\u00e1n con los dem\u00e1s representantes de las instituciones del Estado y finalizar\u00e1 con las organizaciones sociales, sociedad civil, cooperaci\u00f3n internacional y la Academia.<\/p>\n\n\n\n<p class=\"wp-block-paragraph\"><strong>El dato:<\/strong><\/p>\n\n\n\n<ul class=\"wp-block-list\"><li>En 2022 se implementar\u00e1n seis Centros Violeta ubicados en Guayaquil, Mej\u00eda, Esmeraldas, Santo Domingo, Ambato y Machala.<\/li><li>A 2025 habr\u00e1 24 Centros Violeta implementados y operativos, uno en cada provincia del pa\u00eds.<\/li><\/ul>\n","protected":false},"excerpt":{"rendered":"<p class=\"excerpt\">Quito, Ecuador.- Inici\u00f3 la construcci\u00f3n del modelo de gesti\u00f3n para la implementaci\u00f3n del proyecto emblem\u00e1tico Centros Violeta con la instalaci\u00f3n de las mesas t\u00e9cnicas con la participaci\u00f3n de las instituciones que integran\u00a0del Sistema Nacional Integral para la Prevenci\u00f3n y Erradicaci\u00f3n de la Violencia Contra las Mujeres, organizaciones sociales, Cooperaci\u00f3n Internacional, organizaciones no gubernamentales, sociedad civil y Academia. Estas mesas de&hellip; <a href=\"https:\/\/www.ministeriodegobierno.gob.ec\/derechoshumanos\/2022\/06\/01\/arranco-la-construccion-del-modelo-de-gestion-de-los-centros-violeta\/\">Read more &rarr;<\/a><\/p>\n","protected":false},"author":6,"featured_media":12787,"comment_status":"closed","ping_status":"closed","sticky":false,"template":"","format":"standard","meta":{"footnotes":""},"categories":[20,5,6],"tags":[],"class_list":["post-12786","post","type-post","status-publish","format-standard","has-post-thumbnail","hentry","category-boletin-de-prensa","category-noticias","category-noticias-destacadas","xfolkentry"],"_links":{"self":[{"href":"https:\/\/www.ministeriodegobierno.gob.ec\/derechoshumanos\/wp-json\/wp\/v2\/posts\/12786","targetHints":{"allow":["GET"]}}],"collection":[{"href":"https:\/\/www.ministeriodegobierno.gob.ec\/derechoshumanos\/wp-json\/wp\/v2\/posts"}],"about":[{"href":"https:\/\/www.ministeriodegobierno.gob.ec\/derechoshumanos\/wp-json\/wp\/v2\/types\/post"}],"author":[{"embeddable":true,"href":"https:\/\/www.ministeriodegobierno.gob.ec\/derechoshumanos\/wp-json\/wp\/v2\/users\/6"}],"replies":[{"embeddable":true,"href":"https:\/\/www.ministeriodegobierno.gob.ec\/derechoshumanos\/wp-json\/wp\/v2\/comments?post=12786"}],"version-history":[{"count":1,"href":"https:\/\/www.ministeriodegobierno.gob.ec\/derechoshumanos\/wp-json\/wp\/v2\/posts\/12786\/revisions"}],"predecessor-version":[{"id":12788,"href":"https:\/\/www.ministeriodegobierno.gob.ec\/derechoshumanos\/wp-json\/wp\/v2\/posts\/12786\/revisions\/12788"}],"wp:featuredmedia":[{"embeddable":true,"href":"https:\/\/www.ministeriodegobierno.gob.ec\/derechoshumanos\/wp-json\/wp\/v2\/media\/12787"}],"wp:attachment":[{"href":"https:\/\/www.ministeriodegobierno.gob.ec\/derechoshumanos\/wp-json\/wp\/v2\/media?parent=12786"}],"wp:term":[{"taxonomy":"category","embeddable":true,"href":"https:\/\/www.ministeriodegobierno.gob.ec\/derechoshumanos\/wp-json\/wp\/v2\/categories?post=12786"},{"taxonomy":"post_tag","embeddable":true,"href":"https:\/\/www.ministeriodegobierno.gob.ec\/derechoshumanos\/wp-json\/wp\/v2\/tags?post=12786"}],"curies":[{"name":"wp","href":"https:\/\/api.w.org\/{rel}","templated":true}]}}