{"id":12793,"date":"2022-06-03T13:03:46","date_gmt":"2022-06-03T18:03:46","guid":{"rendered":"https:\/\/www.derechoshumanos.gob.ec\/?p=12793"},"modified":"2022-06-03T13:03:47","modified_gmt":"2022-06-03T18:03:47","slug":"taller-de-comunicacion-asertiva-en-catamayo","status":"publish","type":"post","link":"https:\/\/www.ministeriodegobierno.gob.ec\/derechoshumanos\/2022\/06\/03\/taller-de-comunicacion-asertiva-en-catamayo\/","title":{"rendered":"Taller de \u00abComunicaci\u00f3n Asertiva\u201d en Catamayo"},"content":{"rendered":"\n<p class=\"wp-block-paragraph\"><\/p>\n\n\n\n<p class=\"wp-block-paragraph\"><strong>Catamayo, Ecuador.-<\/strong> La Secretar\u00eda de Derechos Humanos, a trav\u00e9s del Servicio de Protecci\u00f3n Integral, brind\u00f3 el taller \u201cComunicaci\u00f3n Asertiva\u201d, dirigido a docentes, madres y padres de familia de la secci\u00f3n B\u00e1sica y Bachillerato del Colegio \u201cJulio Mar\u00eda Matovelle\u201d, del cant\u00f3n Catamayo.<\/p>\n\n\n\n<p class=\"wp-block-paragraph\">M\u00e1s de 50 personas participaron en el taller se realiz\u00f3 en el polideportivo de la Unidad Educativa, bajo la coordinaci\u00f3n de la Hermana Tania Angamarca, Rectora de la instituci\u00f3n, tomando en cuenta las medidas de bioseguridad y aforo pertinente.<\/p>\n\n\n\n<p class=\"wp-block-paragraph\">El objetivo fundamental fue sensibilizar a los participantes acerca del tipo de comunicaci\u00f3n que deben tener con sus hijas e hijos para mejorar el acercamiento y la confianza.<\/p>\n\n\n\n<p class=\"wp-block-paragraph\">Gracias a la coordinaci\u00f3n realizada con el Colegio, las capacitaciones se seguir\u00e1n desarrollando en el objetivo de trabajar en la erradicaci\u00f3n de la violencia en los \u00e1mbitos educativos e intrafamiliares, en beneficio de los ni\u00f1os, ni\u00f1as y adolescentes.<\/p>\n\n\n\n<p class=\"wp-block-paragraph\">Soph\u00eda Cueva Mej\u00eda, Coordinadora de Oficina T\u00e9cnica Zonal 7, indic\u00f3 que \u201cEs nuestra responsabilidad sumar esfuerzos y voluntades, para construir respuestas en conjunto que permitan desnaturalizar y erradicar las violencias, y respetar los derechos de todas y todos\u201d.<\/p>\n","protected":false},"excerpt":{"rendered":"<p class=\"excerpt\">Catamayo, Ecuador.- La Secretar\u00eda de Derechos Humanos, a trav\u00e9s del Servicio de Protecci\u00f3n Integral, brind\u00f3 el taller \u201cComunicaci\u00f3n Asertiva\u201d, dirigido a docentes, madres y padres de familia de la secci\u00f3n B\u00e1sica y Bachillerato del Colegio \u201cJulio Mar\u00eda Matovelle\u201d, del cant\u00f3n Catamayo. M\u00e1s de 50 personas participaron en el taller se realiz\u00f3 en el polideportivo de la Unidad Educativa, bajo la&hellip; <a href=\"https:\/\/www.ministeriodegobierno.gob.ec\/derechoshumanos\/2022\/06\/03\/taller-de-comunicacion-asertiva-en-catamayo\/\">Read more &rarr;<\/a><\/p>\n","protected":false},"author":6,"featured_media":12794,"comment_status":"closed","ping_status":"closed","sticky":false,"template":"","format":"standard","meta":{"footnotes":""},"categories":[20,5,6],"tags":[],"class_list":["post-12793","post","type-post","status-publish","format-standard","has-post-thumbnail","hentry","category-boletin-de-prensa","category-noticias","category-noticias-destacadas","xfolkentry"],"_links":{"self":[{"href":"https:\/\/www.ministeriodegobierno.gob.ec\/derechoshumanos\/wp-json\/wp\/v2\/posts\/12793","targetHints":{"allow":["GET"]}}],"collection":[{"href":"https:\/\/www.ministeriodegobierno.gob.ec\/derechoshumanos\/wp-json\/wp\/v2\/posts"}],"about":[{"href":"https:\/\/www.ministeriodegobierno.gob.ec\/derechoshumanos\/wp-json\/wp\/v2\/types\/post"}],"author":[{"embeddable":true,"href":"https:\/\/www.ministeriodegobierno.gob.ec\/derechoshumanos\/wp-json\/wp\/v2\/users\/6"}],"replies":[{"embeddable":true,"href":"https:\/\/www.ministeriodegobierno.gob.ec\/derechoshumanos\/wp-json\/wp\/v2\/comments?post=12793"}],"version-history":[{"count":1,"href":"https:\/\/www.ministeriodegobierno.gob.ec\/derechoshumanos\/wp-json\/wp\/v2\/posts\/12793\/revisions"}],"predecessor-version":[{"id":12795,"href":"https:\/\/www.ministeriodegobierno.gob.ec\/derechoshumanos\/wp-json\/wp\/v2\/posts\/12793\/revisions\/12795"}],"wp:featuredmedia":[{"embeddable":true,"href":"https:\/\/www.ministeriodegobierno.gob.ec\/derechoshumanos\/wp-json\/wp\/v2\/media\/12794"}],"wp:attachment":[{"href":"https:\/\/www.ministeriodegobierno.gob.ec\/derechoshumanos\/wp-json\/wp\/v2\/media?parent=12793"}],"wp:term":[{"taxonomy":"category","embeddable":true,"href":"https:\/\/www.ministeriodegobierno.gob.ec\/derechoshumanos\/wp-json\/wp\/v2\/categories?post=12793"},{"taxonomy":"post_tag","embeddable":true,"href":"https:\/\/www.ministeriodegobierno.gob.ec\/derechoshumanos\/wp-json\/wp\/v2\/tags?post=12793"}],"curies":[{"name":"wp","href":"https:\/\/api.w.org\/{rel}","templated":true}]}}