{"id":12796,"date":"2022-06-03T14:52:43","date_gmt":"2022-06-03T19:52:43","guid":{"rendered":"https:\/\/www.derechoshumanos.gob.ec\/?p=12796"},"modified":"2022-06-03T14:52:43","modified_gmt":"2022-06-03T19:52:43","slug":"casa-abierta-por-el-dia-de-la-ninez-en-loja","status":"publish","type":"post","link":"https:\/\/www.ministeriodegobierno.gob.ec\/derechoshumanos\/2022\/06\/03\/casa-abierta-por-el-dia-de-la-ninez-en-loja\/","title":{"rendered":"Casa Abierta por el D\u00eda de la Ni\u00f1ez en Loja"},"content":{"rendered":"\n<p class=\"wp-block-paragraph\"><\/p>\n\n\n\n<p class=\"wp-block-paragraph\"><strong>Loja, Ecuador.-<\/strong> La Secretar\u00eda de Derechos Humanos, a trav\u00e9s de la Oficina T\u00e9cnica Zonal 7, particip\u00f3 activamente en una Casa Abierta por el D\u00eda de la Ni\u00f1ez, en los exteriores de la Gobernaci\u00f3n de Loja, organizada por el Consejo de la Judicatura.<\/p>\n\n\n\n<p class=\"wp-block-paragraph\">El objetivo de la Casa Abierta fue la promoci\u00f3n y difusi\u00f3n de los servicios de las instituciones del Estado, los cuales son gratuitos y cuentan con profesionales especializados, de acuerdo a sus competencias.<\/p>\n\n\n\n<p class=\"wp-block-paragraph\">En el stand de la Secretar\u00eda, de forma l\u00fadica, se sensibiliz\u00f3 a madres y padres de familia y ni\u00f1as, ni\u00f1os y adolescentes sobre sus derechos y obligaciones para erradicar y prevenir la violencia de g\u00e9nero en sus diferentes tipolog\u00edas.<\/p>\n\n\n\n<p class=\"wp-block-paragraph\">Camilo Andr\u00e9s Jaramillo, Coordinador encargado de Oficina T\u00e9cnica Zonal 7, indic\u00f3: \u201cEstamos trabajando en beneficio de la ni\u00f1ez lojana y lograr ambientes libres de violencia que desnaturalicen la violencia y permitan a la ni\u00f1ez conocer sus derechos de forma prioritaria\u201d.<\/p>\n\n\n\n<p class=\"wp-block-paragraph\">Esta feria cont\u00f3 con la participaci\u00f3n de los Ministerios de Inclusi\u00f3n Econ\u00f3mica y Social; de Educaci\u00f3n y de Salud P\u00fablica, la Unidad Judicial y la Secretar\u00eda de Derechos Humanos.<\/p>\n","protected":false},"excerpt":{"rendered":"<p class=\"excerpt\">Loja, Ecuador.- La Secretar\u00eda de Derechos Humanos, a trav\u00e9s de la Oficina T\u00e9cnica Zonal 7, particip\u00f3 activamente en una Casa Abierta por el D\u00eda de la Ni\u00f1ez, en los exteriores de la Gobernaci\u00f3n de Loja, organizada por el Consejo de la Judicatura. El objetivo de la Casa Abierta fue la promoci\u00f3n y difusi\u00f3n de los servicios de las instituciones del&hellip; <a href=\"https:\/\/www.ministeriodegobierno.gob.ec\/derechoshumanos\/2022\/06\/03\/casa-abierta-por-el-dia-de-la-ninez-en-loja\/\">Read more &rarr;<\/a><\/p>\n","protected":false},"author":6,"featured_media":12797,"comment_status":"closed","ping_status":"closed","sticky":false,"template":"","format":"standard","meta":{"footnotes":""},"categories":[20,5,6],"tags":[],"class_list":["post-12796","post","type-post","status-publish","format-standard","has-post-thumbnail","hentry","category-boletin-de-prensa","category-noticias","category-noticias-destacadas","xfolkentry"],"_links":{"self":[{"href":"https:\/\/www.ministeriodegobierno.gob.ec\/derechoshumanos\/wp-json\/wp\/v2\/posts\/12796","targetHints":{"allow":["GET"]}}],"collection":[{"href":"https:\/\/www.ministeriodegobierno.gob.ec\/derechoshumanos\/wp-json\/wp\/v2\/posts"}],"about":[{"href":"https:\/\/www.ministeriodegobierno.gob.ec\/derechoshumanos\/wp-json\/wp\/v2\/types\/post"}],"author":[{"embeddable":true,"href":"https:\/\/www.ministeriodegobierno.gob.ec\/derechoshumanos\/wp-json\/wp\/v2\/users\/6"}],"replies":[{"embeddable":true,"href":"https:\/\/www.ministeriodegobierno.gob.ec\/derechoshumanos\/wp-json\/wp\/v2\/comments?post=12796"}],"version-history":[{"count":1,"href":"https:\/\/www.ministeriodegobierno.gob.ec\/derechoshumanos\/wp-json\/wp\/v2\/posts\/12796\/revisions"}],"predecessor-version":[{"id":12798,"href":"https:\/\/www.ministeriodegobierno.gob.ec\/derechoshumanos\/wp-json\/wp\/v2\/posts\/12796\/revisions\/12798"}],"wp:featuredmedia":[{"embeddable":true,"href":"https:\/\/www.ministeriodegobierno.gob.ec\/derechoshumanos\/wp-json\/wp\/v2\/media\/12797"}],"wp:attachment":[{"href":"https:\/\/www.ministeriodegobierno.gob.ec\/derechoshumanos\/wp-json\/wp\/v2\/media?parent=12796"}],"wp:term":[{"taxonomy":"category","embeddable":true,"href":"https:\/\/www.ministeriodegobierno.gob.ec\/derechoshumanos\/wp-json\/wp\/v2\/categories?post=12796"},{"taxonomy":"post_tag","embeddable":true,"href":"https:\/\/www.ministeriodegobierno.gob.ec\/derechoshumanos\/wp-json\/wp\/v2\/tags?post=12796"}],"curies":[{"name":"wp","href":"https:\/\/api.w.org\/{rel}","templated":true}]}}