{"id":12813,"date":"2022-06-06T12:03:21","date_gmt":"2022-06-06T17:03:21","guid":{"rendered":"https:\/\/www.derechoshumanos.gob.ec\/?p=12813"},"modified":"2022-06-06T12:03:22","modified_gmt":"2022-06-06T17:03:22","slug":"sensibilizacion-sobre-violencia-fisica-se-realizo-en-guayas","status":"publish","type":"post","link":"https:\/\/www.ministeriodegobierno.gob.ec\/derechoshumanos\/2022\/06\/06\/sensibilizacion-sobre-violencia-fisica-se-realizo-en-guayas\/","title":{"rendered":"Sensibilizaci\u00f3n sobre violencia f\u00edsica se realiz\u00f3 en Guayas"},"content":{"rendered":"\n<p class=\"wp-block-paragraph\"><\/p>\n\n\n\n<p class=\"wp-block-paragraph\"><strong>Dur\u00e1n, Ecuador.-<\/strong> La prevenci\u00f3n es una v\u00eda efectiva en el combate a la violencia de g\u00e9nero, por lo que el Servicio de Protecci\u00f3n Integral de la Zona 8 realiz\u00f3 una charla de sensibilizaci\u00f3n sobre violencia f\u00edsica en ni\u00f1os, ni\u00f1as y adolescentes y socializ\u00f3 los servicios que ofrece la Secretar\u00eda de Derechos Humanos para la atenci\u00f3n a v\u00edctimas de violencia.<\/p>\n\n\n\n<p class=\"wp-block-paragraph\">El encuentro se cumpli\u00f3 en el Hospital Centro Materno Orama Gonz\u00e1lez, en Dur\u00e1n, y estuvo dirigido a 16 Directores de los Centros de Salud de Dur\u00e1n y Samborond\u00f3n, con el objetivo de coordinar acciones interinstitucionales para restituir los derechos de las v\u00edctimas y brindar una atenci\u00f3n digna.<\/p>\n\n\n\n<p class=\"wp-block-paragraph\">\u201cLa Secretar\u00eda de Derechos Humanos est\u00e1 comprometida en construir espacios libres de violencia para mujeres, ni\u00f1as, ni\u00f1os y adolescentes\u201d, se\u00f1al\u00f3 la Directora Zonal 8, Anezka Bello Espinoza.<\/p>\n\n\n\n<p class=\"wp-block-paragraph\">En la charla se abordaron temas sobre violencia, su tipolog\u00eda y \u00e1mbitos donde se desarrolla, las acciones para prevenirla y c\u00f3mo actuar si se conoce de alguna situaci\u00f3n de violencia f\u00edsica, as\u00ed como la activaci\u00f3n de los protocolos correspondientes den el caso de alertas.<\/p>\n\n\n\n<p class=\"wp-block-paragraph\">Estas charlas tendr\u00e1n continuidad en temas relacionados a la violencia en todos sus \u00e1mbitos y se incluir\u00e1 a las personas que acuden a los Centros de Salud, para prevenir todo tipo de violencia.<\/p>\n","protected":false},"excerpt":{"rendered":"<p class=\"excerpt\">Dur\u00e1n, Ecuador.- La prevenci\u00f3n es una v\u00eda efectiva en el combate a la violencia de g\u00e9nero, por lo que el Servicio de Protecci\u00f3n Integral de la Zona 8 realiz\u00f3 una charla de sensibilizaci\u00f3n sobre violencia f\u00edsica en ni\u00f1os, ni\u00f1as y adolescentes y socializ\u00f3 los servicios que ofrece la Secretar\u00eda de Derechos Humanos para la atenci\u00f3n a v\u00edctimas de violencia. El&hellip; <a href=\"https:\/\/www.ministeriodegobierno.gob.ec\/derechoshumanos\/2022\/06\/06\/sensibilizacion-sobre-violencia-fisica-se-realizo-en-guayas\/\">Read more &rarr;<\/a><\/p>\n","protected":false},"author":6,"featured_media":12814,"comment_status":"closed","ping_status":"closed","sticky":false,"template":"","format":"standard","meta":{"footnotes":""},"categories":[20,5,6],"tags":[],"class_list":["post-12813","post","type-post","status-publish","format-standard","has-post-thumbnail","hentry","category-boletin-de-prensa","category-noticias","category-noticias-destacadas","xfolkentry"],"_links":{"self":[{"href":"https:\/\/www.ministeriodegobierno.gob.ec\/derechoshumanos\/wp-json\/wp\/v2\/posts\/12813","targetHints":{"allow":["GET"]}}],"collection":[{"href":"https:\/\/www.ministeriodegobierno.gob.ec\/derechoshumanos\/wp-json\/wp\/v2\/posts"}],"about":[{"href":"https:\/\/www.ministeriodegobierno.gob.ec\/derechoshumanos\/wp-json\/wp\/v2\/types\/post"}],"author":[{"embeddable":true,"href":"https:\/\/www.ministeriodegobierno.gob.ec\/derechoshumanos\/wp-json\/wp\/v2\/users\/6"}],"replies":[{"embeddable":true,"href":"https:\/\/www.ministeriodegobierno.gob.ec\/derechoshumanos\/wp-json\/wp\/v2\/comments?post=12813"}],"version-history":[{"count":1,"href":"https:\/\/www.ministeriodegobierno.gob.ec\/derechoshumanos\/wp-json\/wp\/v2\/posts\/12813\/revisions"}],"predecessor-version":[{"id":12815,"href":"https:\/\/www.ministeriodegobierno.gob.ec\/derechoshumanos\/wp-json\/wp\/v2\/posts\/12813\/revisions\/12815"}],"wp:featuredmedia":[{"embeddable":true,"href":"https:\/\/www.ministeriodegobierno.gob.ec\/derechoshumanos\/wp-json\/wp\/v2\/media\/12814"}],"wp:attachment":[{"href":"https:\/\/www.ministeriodegobierno.gob.ec\/derechoshumanos\/wp-json\/wp\/v2\/media?parent=12813"}],"wp:term":[{"taxonomy":"category","embeddable":true,"href":"https:\/\/www.ministeriodegobierno.gob.ec\/derechoshumanos\/wp-json\/wp\/v2\/categories?post=12813"},{"taxonomy":"post_tag","embeddable":true,"href":"https:\/\/www.ministeriodegobierno.gob.ec\/derechoshumanos\/wp-json\/wp\/v2\/tags?post=12813"}],"curies":[{"name":"wp","href":"https:\/\/api.w.org\/{rel}","templated":true}]}}