{"id":12817,"date":"2022-06-08T16:52:49","date_gmt":"2022-06-08T21:52:49","guid":{"rendered":"https:\/\/www.derechoshumanos.gob.ec\/?p=12817"},"modified":"2022-06-08T17:02:43","modified_gmt":"2022-06-08T22:02:43","slug":"en-palanda-se-cumplio-capacitacion-sobre-prevencion-del-acoso-escolar-violencia-y-trabajo-infantil","status":"publish","type":"post","link":"https:\/\/www.ministeriodegobierno.gob.ec\/derechoshumanos\/2022\/06\/08\/en-palanda-se-cumplio-capacitacion-sobre-prevencion-del-acoso-escolar-violencia-y-trabajo-infantil\/","title":{"rendered":"En\u00a0Palanda, se cumpli\u00f3 capacitaci\u00f3n\u00a0sobre prevenci\u00f3n\u00a0del acoso escolar, violencia y trabajo infantil"},"content":{"rendered":"\n<p class=\"wp-block-paragraph\"><strong>Palanda<\/strong><strong>,\u00a0<\/strong><strong>Ecuador.-<\/strong>\u00a0Para\u00a0prevenir todo tipo de violencia con enfoque\u00a0en el \u00e1mbito educativo,\u00a0la\u00a0Secretar\u00eda de Derechos Humanos, en coordinaci\u00f3n con la empresa minera Sol Gold,\u00a0realiz\u00f3\u00a0una\u00a0capacitaci\u00f3n\u00a0sobre\u201cViolencia, Rutas para el otorgamiento de Medidas Administrativas inmediatas de Protecci\u00f3n,\u00a0Bullying\u00a0o Acoso escolar y Erradicaci\u00f3n del trabajo infantil\u201d.<\/p>\n\n\n\n<p class=\"wp-block-paragraph\">Participaron&nbsp;102 personas&nbsp;entre ni\u00f1as, ni\u00f1os, docentes,&nbsp;padres&nbsp;y madres&nbsp;de familia de la Unidad Educativa&nbsp;\u201cJohn F. Kennedy\u201d, del cant\u00f3n&nbsp;Palanda, en la provincia&nbsp;de Zamora Chinchipe.<\/p>\n\n\n\n<p class=\"wp-block-paragraph\">Las tem\u00e1ticas fueron impartidas por profesionales enpsicolog\u00eda&nbsp;y&nbsp;derecho&nbsp;del Servicio &nbsp;de Protecci\u00f3n Integral,en temas&nbsp;de&nbsp;sensibilizaci\u00f3n&nbsp;sobre la violencia, sus consecuencias, tipos y \u00e1mbitos; rutas de atenci\u00f3n y denuncia en caso de violencia contra las mujeres o miembros del n\u00facleo familiar en el \u00e1mbito administrativo y judicial;&nbsp;bullying, c\u00f3mo identificarlo,&nbsp;tipos de acoso escolar y como prevenirlo; erradicaci\u00f3n del trabajo infantil, derechos y obligaciones de los ni\u00f1os, ni\u00f1as y adolescentes, sanciones legales para los empleadores.<\/p>\n\n\n\n<p class=\"wp-block-paragraph\">Camilo Jaramillo, Coordinador encargado&nbsp;de Oficina T\u00e9cnica Zonal 7,&nbsp;manifest\u00f3:&nbsp;\u201cEstas capacitaciones&nbsp;son&nbsp;de gran importancia,&nbsp;pues&nbsp;generan&nbsp;espacios para prevenir y erradicar todo tipo de violencia&nbsp;y, en este caso, en el \u00e1mbito escolar e infantil\u201d.<\/p>\n\n\n\n<p class=\"wp-block-paragraph\">En el evento se desarrollaron&nbsp;actividades interactivas acordes a las edades de los&nbsp;asistentes&nbsp;y proyecci\u00f3n de videos&nbsp;con el objetivo de sensibilizar, orientar y despejar dudas&nbsp;de quienes asistieron,&nbsp;sobre los temas abordados.&nbsp;<\/p>\n","protected":false},"excerpt":{"rendered":"<p class=\"excerpt\">Palanda,\u00a0Ecuador.-\u00a0Para\u00a0prevenir todo tipo de violencia con enfoque\u00a0en el \u00e1mbito educativo,\u00a0la\u00a0Secretar\u00eda de Derechos Humanos, en coordinaci\u00f3n con la empresa minera Sol Gold,\u00a0realiz\u00f3\u00a0una\u00a0capacitaci\u00f3n\u00a0sobre\u201cViolencia, Rutas para el otorgamiento de Medidas Administrativas inmediatas de Protecci\u00f3n,\u00a0Bullying\u00a0o Acoso escolar y Erradicaci\u00f3n del trabajo infantil\u201d. Participaron&nbsp;102 personas&nbsp;entre ni\u00f1as, ni\u00f1os, docentes,&nbsp;padres&nbsp;y madres&nbsp;de familia de la Unidad Educativa&nbsp;\u201cJohn F. Kennedy\u201d, del cant\u00f3n&nbsp;Palanda, en la provincia&nbsp;de Zamora Chinchipe. Las tem\u00e1ticas&hellip; <a href=\"https:\/\/www.ministeriodegobierno.gob.ec\/derechoshumanos\/2022\/06\/08\/en-palanda-se-cumplio-capacitacion-sobre-prevencion-del-acoso-escolar-violencia-y-trabajo-infantil\/\">Read more &rarr;<\/a><\/p>\n","protected":false},"author":6,"featured_media":12818,"comment_status":"closed","ping_status":"closed","sticky":false,"template":"","format":"standard","meta":{"footnotes":""},"categories":[20,5,6],"tags":[],"class_list":["post-12817","post","type-post","status-publish","format-standard","has-post-thumbnail","hentry","category-boletin-de-prensa","category-noticias","category-noticias-destacadas","xfolkentry"],"_links":{"self":[{"href":"https:\/\/www.ministeriodegobierno.gob.ec\/derechoshumanos\/wp-json\/wp\/v2\/posts\/12817","targetHints":{"allow":["GET"]}}],"collection":[{"href":"https:\/\/www.ministeriodegobierno.gob.ec\/derechoshumanos\/wp-json\/wp\/v2\/posts"}],"about":[{"href":"https:\/\/www.ministeriodegobierno.gob.ec\/derechoshumanos\/wp-json\/wp\/v2\/types\/post"}],"author":[{"embeddable":true,"href":"https:\/\/www.ministeriodegobierno.gob.ec\/derechoshumanos\/wp-json\/wp\/v2\/users\/6"}],"replies":[{"embeddable":true,"href":"https:\/\/www.ministeriodegobierno.gob.ec\/derechoshumanos\/wp-json\/wp\/v2\/comments?post=12817"}],"version-history":[{"count":2,"href":"https:\/\/www.ministeriodegobierno.gob.ec\/derechoshumanos\/wp-json\/wp\/v2\/posts\/12817\/revisions"}],"predecessor-version":[{"id":12828,"href":"https:\/\/www.ministeriodegobierno.gob.ec\/derechoshumanos\/wp-json\/wp\/v2\/posts\/12817\/revisions\/12828"}],"wp:featuredmedia":[{"embeddable":true,"href":"https:\/\/www.ministeriodegobierno.gob.ec\/derechoshumanos\/wp-json\/wp\/v2\/media\/12818"}],"wp:attachment":[{"href":"https:\/\/www.ministeriodegobierno.gob.ec\/derechoshumanos\/wp-json\/wp\/v2\/media?parent=12817"}],"wp:term":[{"taxonomy":"category","embeddable":true,"href":"https:\/\/www.ministeriodegobierno.gob.ec\/derechoshumanos\/wp-json\/wp\/v2\/categories?post=12817"},{"taxonomy":"post_tag","embeddable":true,"href":"https:\/\/www.ministeriodegobierno.gob.ec\/derechoshumanos\/wp-json\/wp\/v2\/tags?post=12817"}],"curies":[{"name":"wp","href":"https:\/\/api.w.org\/{rel}","templated":true}]}}