{"id":12821,"date":"2022-06-08T16:56:24","date_gmt":"2022-06-08T21:56:24","guid":{"rendered":"https:\/\/www.derechoshumanos.gob.ec\/?p=12821"},"modified":"2022-06-08T16:56:24","modified_gmt":"2022-06-08T21:56:24","slug":"acciones-de-prevencion-y-erradicacion-de-violencia-en-las-aulas","status":"publish","type":"post","link":"https:\/\/www.ministeriodegobierno.gob.ec\/derechoshumanos\/2022\/06\/08\/acciones-de-prevencion-y-erradicacion-de-violencia-en-las-aulas\/","title":{"rendered":"Acciones de prevenci\u00f3n y erradicaci\u00f3n de violencia en las aulas"},"content":{"rendered":"\n<p class=\"wp-block-paragraph\"><strong>&nbsp;<\/strong>La Secretar\u00eda de Derechos Humanos&nbsp;en&nbsp;trabajo&nbsp;conjunto&nbsp;con<strong>&nbsp;<\/strong>las&nbsp;Juntas de&nbsp;Consejos Cantonales y el Distrito de Educaci\u00f3n&nbsp;socializ\u00f3&nbsp;a los&nbsp;Departamentos de Consejer\u00eda Estudiantil (DECE) de las instituciones&nbsp;educativas de&nbsp;los cantones de&nbsp;Pallatanga y Cumand\u00e1&nbsp;los servicios que brinda esta&nbsp;cartera de Estado para<strong>&nbsp;<\/strong>prevenir y erradicar la violencia en las aulas,&nbsp;y adicionalmente&nbsp;se present\u00f3&nbsp;la&nbsp;propuesta de la Ordenanza de Violencia en contra de la Mujer.<\/p>\n\n\n\n<p class=\"wp-block-paragraph\">Ante el incremento de la violencia en las aulas, los Servicios de Protecci\u00f3n Integral en coordinaci\u00f3n con los DECE en los casos nuevos&nbsp;ofrecen&nbsp;atenci\u00f3n&nbsp;social y psicol\u00f3gica, realizan visitas y dan&nbsp;seguimiento a las medidas administrativas inmediatas de protecci\u00f3n y contin\u00faan con&nbsp;los casos remitidos&nbsp;anteriormente a fin de&nbsp;activar los protocolos correspondientes.&nbsp;<\/p>\n\n\n\n<p class=\"wp-block-paragraph\"><em>\u201c<\/em><em>Hacemos procesos de fortalecimiento a los docentes de los DECES para dar a conocer el protocolo de actuaci\u00f3n en caso de identificar casos<\/em><em>&nbsp;de<\/em><em>&nbsp;violencia<\/em>\u201d mencion\u00f3 Daniela S\u00e1nchez, Directora de la Zona 3.&nbsp;<\/p>\n\n\n\n<p class=\"wp-block-paragraph\">En este mes&nbsp;se ejecutar\u00e1n capacitaciones en el \u00e1mbito educativo para la prevenci\u00f3n y erradicaci\u00f3n de la violencia dirigida a los docentes responsables de los DECE de&nbsp;Pallatanga&nbsp;y&nbsp;Cumand\u00e1&nbsp;para&nbsp;sensibilizar a estudiantes&nbsp;sobre&nbsp;los patrones socio culturales&nbsp;<a><\/a>y&nbsp;el reconocimiento de herramientas y formas de denuncia antes casos de violencia en las aulas.<\/p>\n","protected":false},"excerpt":{"rendered":"<p class=\"excerpt\">&nbsp;La Secretar\u00eda de Derechos Humanos&nbsp;en&nbsp;trabajo&nbsp;conjunto&nbsp;con&nbsp;las&nbsp;Juntas de&nbsp;Consejos Cantonales y el Distrito de Educaci\u00f3n&nbsp;socializ\u00f3&nbsp;a los&nbsp;Departamentos de Consejer\u00eda Estudiantil (DECE) de las instituciones&nbsp;educativas de&nbsp;los cantones de&nbsp;Pallatanga y Cumand\u00e1&nbsp;los servicios que brinda esta&nbsp;cartera de Estado para&nbsp;prevenir y erradicar la violencia en las aulas,&nbsp;y adicionalmente&nbsp;se present\u00f3&nbsp;la&nbsp;propuesta de la Ordenanza de Violencia en contra de la Mujer. Ante el incremento de la violencia en las aulas,&hellip; <a href=\"https:\/\/www.ministeriodegobierno.gob.ec\/derechoshumanos\/2022\/06\/08\/acciones-de-prevencion-y-erradicacion-de-violencia-en-las-aulas\/\">Read more &rarr;<\/a><\/p>\n","protected":false},"author":6,"featured_media":12822,"comment_status":"closed","ping_status":"closed","sticky":false,"template":"","format":"standard","meta":{"footnotes":""},"categories":[20,5,6],"tags":[],"class_list":["post-12821","post","type-post","status-publish","format-standard","has-post-thumbnail","hentry","category-boletin-de-prensa","category-noticias","category-noticias-destacadas","xfolkentry"],"_links":{"self":[{"href":"https:\/\/www.ministeriodegobierno.gob.ec\/derechoshumanos\/wp-json\/wp\/v2\/posts\/12821","targetHints":{"allow":["GET"]}}],"collection":[{"href":"https:\/\/www.ministeriodegobierno.gob.ec\/derechoshumanos\/wp-json\/wp\/v2\/posts"}],"about":[{"href":"https:\/\/www.ministeriodegobierno.gob.ec\/derechoshumanos\/wp-json\/wp\/v2\/types\/post"}],"author":[{"embeddable":true,"href":"https:\/\/www.ministeriodegobierno.gob.ec\/derechoshumanos\/wp-json\/wp\/v2\/users\/6"}],"replies":[{"embeddable":true,"href":"https:\/\/www.ministeriodegobierno.gob.ec\/derechoshumanos\/wp-json\/wp\/v2\/comments?post=12821"}],"version-history":[{"count":1,"href":"https:\/\/www.ministeriodegobierno.gob.ec\/derechoshumanos\/wp-json\/wp\/v2\/posts\/12821\/revisions"}],"predecessor-version":[{"id":12823,"href":"https:\/\/www.ministeriodegobierno.gob.ec\/derechoshumanos\/wp-json\/wp\/v2\/posts\/12821\/revisions\/12823"}],"wp:featuredmedia":[{"embeddable":true,"href":"https:\/\/www.ministeriodegobierno.gob.ec\/derechoshumanos\/wp-json\/wp\/v2\/media\/12822"}],"wp:attachment":[{"href":"https:\/\/www.ministeriodegobierno.gob.ec\/derechoshumanos\/wp-json\/wp\/v2\/media?parent=12821"}],"wp:term":[{"taxonomy":"category","embeddable":true,"href":"https:\/\/www.ministeriodegobierno.gob.ec\/derechoshumanos\/wp-json\/wp\/v2\/categories?post=12821"},{"taxonomy":"post_tag","embeddable":true,"href":"https:\/\/www.ministeriodegobierno.gob.ec\/derechoshumanos\/wp-json\/wp\/v2\/tags?post=12821"}],"curies":[{"name":"wp","href":"https:\/\/api.w.org\/{rel}","templated":true}]}}