{"id":12824,"date":"2022-06-08T17:00:23","date_gmt":"2022-06-08T22:00:23","guid":{"rendered":"https:\/\/www.derechoshumanos.gob.ec\/?p=12824"},"modified":"2022-06-08T17:07:53","modified_gmt":"2022-06-08T22:07:53","slug":"servicio-de-proteccion-integral-en-caso-de-nino-victima-de-violencia-psicologica-en-el-ambito-escolar","status":"publish","type":"post","link":"https:\/\/www.ministeriodegobierno.gob.ec\/derechoshumanos\/2022\/06\/08\/servicio-de-proteccion-integral-en-caso-de-nino-victima-de-violencia-psicologica-en-el-ambito-escolar\/","title":{"rendered":"Servicio de Protecci\u00f3n Integral en caso de ni\u00f1o\u00a0v\u00edctima\u00a0de violencia psicol\u00f3gica\u00a0en el \u00e1mbito escolar"},"content":{"rendered":"\n<p class=\"wp-block-paragraph\">La Secretar\u00eda de Derechos Humanos, atrav\u00e9s de la Oficina T\u00e9cnica 7,&nbsp;dio&nbsp;atenci\u00f3n psicol\u00f3gica y social&nbsp;a&nbsp;un ni\u00f1o v\u00edctima&nbsp;de violencia psicol\u00f3gica en el \u00e1mbito escolar.<\/p>\n\n\n\n<p class=\"wp-block-paragraph\">El equipo t\u00e9cnico del Servicio de&nbsp;Protecci\u00f3n Integral, se contact\u00f3&nbsp;v\u00eda telef\u00f3nica con la&nbsp;madre&nbsp;del ni\u00f1o&nbsp;para coordinar la&nbsp;atenci\u00f3n psicol\u00f3gica y social. Por&nbsp;la sintomatolog\u00eda&nbsp;que present\u00f3&nbsp;al momento de la entrevista, se coordin\u00f3 acciones con autoridades del Hospital&nbsp;\u201cManuel Ignacio Monteros\u201d del Instituto Ecuatoriano de Seguridad Social (IESS)&nbsp;para&nbsp;la&nbsp;valoraci\u00f3n especializada en medicina psiqui\u00e1trica.<\/p>\n\n\n\n<p class=\"wp-block-paragraph\">Camilo Jaramillo, Coordinador encargado de Oficina T\u00e9cnica Zonal 7,\u00a0indic\u00f3\u00a0que\u00a0la Secretar\u00eda de Derechos Humanos\u00a0promociona y garantiza los derechos de\u00a0ni\u00f1as y\u00a0ni\u00f1os, m\u00e1s a\u00fan de quienes\u00a0est\u00e1n\u00a0en condiciones de vulnerabilidad,\u00a0\u201cpor tal raz\u00f3n hemos activado nuestro equipo multidisciplinario, con acciones\u00a0con el\u00a0IESS\u00a0para garantizar la atenci\u00f3n prioritaria y oportuna al sobreviviente de violencia\u201d.\u00a0<br>De caso, la Zona 7\u00a0har\u00e1\u00a0el seguimiento de acuerdo a\u00a0las competencias legales y\u00a0servicios institucionales\u00a0para restituir los derechos vulnerados y\u00a0ofrecer\u00a0un trato digno a las v\u00edctimas de todo tipo de violencia.<\/p>\n\n\n\n<p class=\"wp-block-paragraph\"><\/p>\n","protected":false},"excerpt":{"rendered":"<p class=\"excerpt\">La Secretar\u00eda de Derechos Humanos, atrav\u00e9s de la Oficina T\u00e9cnica 7,&nbsp;dio&nbsp;atenci\u00f3n psicol\u00f3gica y social&nbsp;a&nbsp;un ni\u00f1o v\u00edctima&nbsp;de violencia psicol\u00f3gica en el \u00e1mbito escolar. El equipo t\u00e9cnico del Servicio de&nbsp;Protecci\u00f3n Integral, se contact\u00f3&nbsp;v\u00eda telef\u00f3nica con la&nbsp;madre&nbsp;del ni\u00f1o&nbsp;para coordinar la&nbsp;atenci\u00f3n psicol\u00f3gica y social. Por&nbsp;la sintomatolog\u00eda&nbsp;que present\u00f3&nbsp;al momento de la entrevista, se coordin\u00f3 acciones con autoridades del Hospital&nbsp;\u201cManuel Ignacio Monteros\u201d del Instituto Ecuatoriano de&hellip; <a href=\"https:\/\/www.ministeriodegobierno.gob.ec\/derechoshumanos\/2022\/06\/08\/servicio-de-proteccion-integral-en-caso-de-nino-victima-de-violencia-psicologica-en-el-ambito-escolar\/\">Read more &rarr;<\/a><\/p>\n","protected":false},"author":6,"featured_media":12825,"comment_status":"closed","ping_status":"closed","sticky":false,"template":"","format":"standard","meta":{"footnotes":""},"categories":[20,5,6],"tags":[],"class_list":["post-12824","post","type-post","status-publish","format-standard","has-post-thumbnail","hentry","category-boletin-de-prensa","category-noticias","category-noticias-destacadas","xfolkentry"],"_links":{"self":[{"href":"https:\/\/www.ministeriodegobierno.gob.ec\/derechoshumanos\/wp-json\/wp\/v2\/posts\/12824","targetHints":{"allow":["GET"]}}],"collection":[{"href":"https:\/\/www.ministeriodegobierno.gob.ec\/derechoshumanos\/wp-json\/wp\/v2\/posts"}],"about":[{"href":"https:\/\/www.ministeriodegobierno.gob.ec\/derechoshumanos\/wp-json\/wp\/v2\/types\/post"}],"author":[{"embeddable":true,"href":"https:\/\/www.ministeriodegobierno.gob.ec\/derechoshumanos\/wp-json\/wp\/v2\/users\/6"}],"replies":[{"embeddable":true,"href":"https:\/\/www.ministeriodegobierno.gob.ec\/derechoshumanos\/wp-json\/wp\/v2\/comments?post=12824"}],"version-history":[{"count":2,"href":"https:\/\/www.ministeriodegobierno.gob.ec\/derechoshumanos\/wp-json\/wp\/v2\/posts\/12824\/revisions"}],"predecessor-version":[{"id":12830,"href":"https:\/\/www.ministeriodegobierno.gob.ec\/derechoshumanos\/wp-json\/wp\/v2\/posts\/12824\/revisions\/12830"}],"wp:featuredmedia":[{"embeddable":true,"href":"https:\/\/www.ministeriodegobierno.gob.ec\/derechoshumanos\/wp-json\/wp\/v2\/media\/12825"}],"wp:attachment":[{"href":"https:\/\/www.ministeriodegobierno.gob.ec\/derechoshumanos\/wp-json\/wp\/v2\/media?parent=12824"}],"wp:term":[{"taxonomy":"category","embeddable":true,"href":"https:\/\/www.ministeriodegobierno.gob.ec\/derechoshumanos\/wp-json\/wp\/v2\/categories?post=12824"},{"taxonomy":"post_tag","embeddable":true,"href":"https:\/\/www.ministeriodegobierno.gob.ec\/derechoshumanos\/wp-json\/wp\/v2\/tags?post=12824"}],"curies":[{"name":"wp","href":"https:\/\/api.w.org\/{rel}","templated":true}]}}