{"id":12831,"date":"2022-06-09T12:31:30","date_gmt":"2022-06-09T17:31:30","guid":{"rendered":"https:\/\/www.derechoshumanos.gob.ec\/?p=12831"},"modified":"2022-06-09T12:31:31","modified_gmt":"2022-06-09T17:31:31","slug":"taller-en-ingapirca-sobre-prevencion-y-erradicacion-de-la-violencia","status":"publish","type":"post","link":"https:\/\/www.ministeriodegobierno.gob.ec\/derechoshumanos\/2022\/06\/09\/taller-en-ingapirca-sobre-prevencion-y-erradicacion-de-la-violencia\/","title":{"rendered":"Taller en Ingapirca sobre prevenci\u00f3n y erradicaci\u00f3n de la violencia \u00a0\u00a0"},"content":{"rendered":"\n<p class=\"wp-block-paragraph\"> La Secretar\u00eda de Derechos Humanos, a trav\u00e9s del Servicio de Protecci\u00f3n Integral de Azogues, realiz\u00f3 el taller sobre \u201cPrevenci\u00f3n, Erradicaci\u00f3n de la Violencia y Rutas de Atenci\u00f3n en caso de ser V\u00edctima de Violencia\u201d con estudiantes de la Unidad Educativa Huaynacapac, en la parroquia Ingapirca, en la provincia de Ca\u00f1ar.<\/p>\n\n\n\n<p class=\"wp-block-paragraph\">La coordinaci\u00f3n se realiz\u00f3 con la Directora de la Unidad, Mercedes Lozano, Directora de la Unidad Educativa \u201cHuaynacapac\u201d, para la convocatoria a los estudiantes, con la finalidad de prevenir los actos de violencia, comenzando por identificar la violencia,&nbsp; sus causas y clases y las rutas de protecci\u00f3n en caso de ser victima o conocer de personas victimas de violencia.<\/p>\n\n\n\n<p class=\"wp-block-paragraph\">&nbsp;\u201cEs muy importante fomentar la prevenci\u00f3n y erradicaci\u00f3n de la violencia para lograr una sociedad mas justa e igualitaria\u201d,manifest\u00f3 laDirectora de la instituci\u00f3n educativa.<\/p>\n\n\n\n<p class=\"wp-block-paragraph\">Al taller asistieron 75 estudiantes de Segundo a Septimo de Educaci\u00f3n B\u00e1sica Genral y cuatro docentes, divididos en 3 grupos. Se abordaron temas relacionados sobre las \u201cIdentificaci\u00f3n de la Violencia, Tipos de violencia, consecuencias, violencia de g\u00e9nero, esteriotipos y rutas de protecci\u00f3n en caso de ser v\u00edctimas de violencia\u201d, con la finalidad de cambiar los patrones socioculturales para prevenir y erradicar la violencia contra las mujeres, ni\u00f1os, ni\u00f1as, adolescentes y adultos mayores.<\/p>\n","protected":false},"excerpt":{"rendered":"<p class=\"excerpt\">La Secretar\u00eda de Derechos Humanos, a trav\u00e9s del Servicio de Protecci\u00f3n Integral de Azogues, realiz\u00f3 el taller sobre \u201cPrevenci\u00f3n, Erradicaci\u00f3n de la Violencia y Rutas de Atenci\u00f3n en caso de ser V\u00edctima de Violencia\u201d con estudiantes de la Unidad Educativa Huaynacapac, en la parroquia Ingapirca, en la provincia de Ca\u00f1ar. La coordinaci\u00f3n se realiz\u00f3 con la Directora de la Unidad,&hellip; <a href=\"https:\/\/www.ministeriodegobierno.gob.ec\/derechoshumanos\/2022\/06\/09\/taller-en-ingapirca-sobre-prevencion-y-erradicacion-de-la-violencia\/\">Read more &rarr;<\/a><\/p>\n","protected":false},"author":6,"featured_media":12832,"comment_status":"closed","ping_status":"closed","sticky":false,"template":"","format":"standard","meta":{"footnotes":""},"categories":[20,5,6],"tags":[],"class_list":["post-12831","post","type-post","status-publish","format-standard","has-post-thumbnail","hentry","category-boletin-de-prensa","category-noticias","category-noticias-destacadas","xfolkentry"],"_links":{"self":[{"href":"https:\/\/www.ministeriodegobierno.gob.ec\/derechoshumanos\/wp-json\/wp\/v2\/posts\/12831","targetHints":{"allow":["GET"]}}],"collection":[{"href":"https:\/\/www.ministeriodegobierno.gob.ec\/derechoshumanos\/wp-json\/wp\/v2\/posts"}],"about":[{"href":"https:\/\/www.ministeriodegobierno.gob.ec\/derechoshumanos\/wp-json\/wp\/v2\/types\/post"}],"author":[{"embeddable":true,"href":"https:\/\/www.ministeriodegobierno.gob.ec\/derechoshumanos\/wp-json\/wp\/v2\/users\/6"}],"replies":[{"embeddable":true,"href":"https:\/\/www.ministeriodegobierno.gob.ec\/derechoshumanos\/wp-json\/wp\/v2\/comments?post=12831"}],"version-history":[{"count":1,"href":"https:\/\/www.ministeriodegobierno.gob.ec\/derechoshumanos\/wp-json\/wp\/v2\/posts\/12831\/revisions"}],"predecessor-version":[{"id":12833,"href":"https:\/\/www.ministeriodegobierno.gob.ec\/derechoshumanos\/wp-json\/wp\/v2\/posts\/12831\/revisions\/12833"}],"wp:featuredmedia":[{"embeddable":true,"href":"https:\/\/www.ministeriodegobierno.gob.ec\/derechoshumanos\/wp-json\/wp\/v2\/media\/12832"}],"wp:attachment":[{"href":"https:\/\/www.ministeriodegobierno.gob.ec\/derechoshumanos\/wp-json\/wp\/v2\/media?parent=12831"}],"wp:term":[{"taxonomy":"category","embeddable":true,"href":"https:\/\/www.ministeriodegobierno.gob.ec\/derechoshumanos\/wp-json\/wp\/v2\/categories?post=12831"},{"taxonomy":"post_tag","embeddable":true,"href":"https:\/\/www.ministeriodegobierno.gob.ec\/derechoshumanos\/wp-json\/wp\/v2\/tags?post=12831"}],"curies":[{"name":"wp","href":"https:\/\/api.w.org\/{rel}","templated":true}]}}