{"id":12875,"date":"2022-06-10T11:13:18","date_gmt":"2022-06-10T16:13:18","guid":{"rendered":"https:\/\/www.derechoshumanos.gob.ec\/?p=12875"},"modified":"2022-06-10T11:13:19","modified_gmt":"2022-06-10T16:13:19","slug":"se-salvaguarda-integridad-de-victima-de-violencia","status":"publish","type":"post","link":"https:\/\/www.ministeriodegobierno.gob.ec\/derechoshumanos\/2022\/06\/10\/se-salvaguarda-integridad-de-victima-de-violencia\/","title":{"rendered":"Se salvaguarda integridad de v\u00edctima de violencia"},"content":{"rendered":"\n<p class=\"wp-block-paragraph\"><\/p>\n\n\n\n<p class=\"wp-block-paragraph\"><strong>Huaquillas, Ecuador.-<\/strong> La Secretar\u00eda de Derechos Humanos, a trav\u00e9s del Servicio de Protecci\u00f3n Integral, dio acompa\u00f1amiento social a v\u00edctima de violencia f\u00edsica y psicol\u00f3gica en el \u00e1mbito intrafamiliar y se realiz\u00f3 el traslado desde Huaquillas, en la provincia de El Oro hasta la frontera norte, en Tulc\u00e1n, para salvaguardar su integridad.<\/p>\n\n\n\n<p class=\"wp-block-paragraph\">El equipo t\u00e9cnico articul\u00f3 acciones con la Polic\u00eda Nacional desde la Unidad Nacional de Investigaci\u00f3n contra la Violencia de G\u00e9nero, Mujer o Miembros del N\u00facleo Familiar (DEVIF), para que se proceda con el traslado de la sobreviviente de violencia y su hijo, mediante postas y relevos a nivel nacional.<\/p>\n\n\n\n<p class=\"wp-block-paragraph\">Camilo Andr\u00e9s Jaramillo, Coordinador de Oficina T\u00e9cnica Zonal 7 encargado, indic\u00f3 se ha cumplido la responsabilidad de la Secretar\u00eda de Derechos Humanos, dentro de sus competencias para el trato digno e integral de las v\u00edctimas. &nbsp;<\/p>\n\n\n\n<p class=\"wp-block-paragraph\">El Servicio de Protecci\u00f3n Integral de Tulc\u00e1n dar\u00e1 seguimiento en las \u00e1reas de psicolog\u00eda, trabajo social y asesor\u00eda legal para restituir los derechos vulnerados de la mujer y su hijo.<\/p>\n","protected":false},"excerpt":{"rendered":"<p class=\"excerpt\">Huaquillas, Ecuador.- La Secretar\u00eda de Derechos Humanos, a trav\u00e9s del Servicio de Protecci\u00f3n Integral, dio acompa\u00f1amiento social a v\u00edctima de violencia f\u00edsica y psicol\u00f3gica en el \u00e1mbito intrafamiliar y se realiz\u00f3 el traslado desde Huaquillas, en la provincia de El Oro hasta la frontera norte, en Tulc\u00e1n, para salvaguardar su integridad. El equipo t\u00e9cnico articul\u00f3 acciones con la Polic\u00eda Nacional&hellip; <a href=\"https:\/\/www.ministeriodegobierno.gob.ec\/derechoshumanos\/2022\/06\/10\/se-salvaguarda-integridad-de-victima-de-violencia\/\">Read more &rarr;<\/a><\/p>\n","protected":false},"author":6,"featured_media":9958,"comment_status":"closed","ping_status":"closed","sticky":false,"template":"","format":"standard","meta":{"footnotes":""},"categories":[20,5,6],"tags":[],"class_list":["post-12875","post","type-post","status-publish","format-standard","has-post-thumbnail","hentry","category-boletin-de-prensa","category-noticias","category-noticias-destacadas","xfolkentry"],"_links":{"self":[{"href":"https:\/\/www.ministeriodegobierno.gob.ec\/derechoshumanos\/wp-json\/wp\/v2\/posts\/12875","targetHints":{"allow":["GET"]}}],"collection":[{"href":"https:\/\/www.ministeriodegobierno.gob.ec\/derechoshumanos\/wp-json\/wp\/v2\/posts"}],"about":[{"href":"https:\/\/www.ministeriodegobierno.gob.ec\/derechoshumanos\/wp-json\/wp\/v2\/types\/post"}],"author":[{"embeddable":true,"href":"https:\/\/www.ministeriodegobierno.gob.ec\/derechoshumanos\/wp-json\/wp\/v2\/users\/6"}],"replies":[{"embeddable":true,"href":"https:\/\/www.ministeriodegobierno.gob.ec\/derechoshumanos\/wp-json\/wp\/v2\/comments?post=12875"}],"version-history":[{"count":1,"href":"https:\/\/www.ministeriodegobierno.gob.ec\/derechoshumanos\/wp-json\/wp\/v2\/posts\/12875\/revisions"}],"predecessor-version":[{"id":12876,"href":"https:\/\/www.ministeriodegobierno.gob.ec\/derechoshumanos\/wp-json\/wp\/v2\/posts\/12875\/revisions\/12876"}],"wp:featuredmedia":[{"embeddable":true,"href":"https:\/\/www.ministeriodegobierno.gob.ec\/derechoshumanos\/wp-json\/wp\/v2\/media\/9958"}],"wp:attachment":[{"href":"https:\/\/www.ministeriodegobierno.gob.ec\/derechoshumanos\/wp-json\/wp\/v2\/media?parent=12875"}],"wp:term":[{"taxonomy":"category","embeddable":true,"href":"https:\/\/www.ministeriodegobierno.gob.ec\/derechoshumanos\/wp-json\/wp\/v2\/categories?post=12875"},{"taxonomy":"post_tag","embeddable":true,"href":"https:\/\/www.ministeriodegobierno.gob.ec\/derechoshumanos\/wp-json\/wp\/v2\/tags?post=12875"}],"curies":[{"name":"wp","href":"https:\/\/api.w.org\/{rel}","templated":true}]}}