{"id":12904,"date":"2022-06-17T11:42:00","date_gmt":"2022-06-17T16:42:00","guid":{"rendered":"https:\/\/www.derechoshumanos.gob.ec\/?p=12904"},"modified":"2022-06-17T11:42:01","modified_gmt":"2022-06-17T16:42:01","slug":"servicio-de-proteccion-integral-brinda-atencion-a-victima-de-presunto-delito-de-violacion-y-violencia-psicologica","status":"publish","type":"post","link":"https:\/\/www.ministeriodegobierno.gob.ec\/derechoshumanos\/2022\/06\/17\/servicio-de-proteccion-integral-brinda-atencion-a-victima-de-presunto-delito-de-violacion-y-violencia-psicologica\/","title":{"rendered":"Servicio de Protecci\u00f3n Integral brinda atenci\u00f3n a v\u00edctima de presunto delito de violaci\u00f3n y violencia psicol\u00f3gica"},"content":{"rendered":"\n<p class=\"wp-block-paragraph\"><\/p>\n\n\n\n<p class=\"wp-block-paragraph\">La Secretar\u00eda de Derechos Humanos, a trav\u00e9s del Servicio de Protecci\u00f3n Integral, se activ\u00f3 de manera inmediata ante un presunto delito de violaci\u00f3n cometido en contra de una mujer de 21 a\u00f1os de edad, quien permaneci\u00f3 encerrada \u00a0en la casa de su madrasta, durante 11 a\u00f1os y, fue presuntamente abusada sexualmente por el hermano de la misma. Producto de este delito la v\u00edctima de violencia tiene un hijo de cuatro a\u00f1os de edad y hace dos meses logr\u00f3 escapar de sus v\u00edctimarios sin embargo, sus hermanos adolescentes contin\u00faan viviendo en el lugar, por lo que realiz\u00f3 una denuncia por violencia psicol\u00f3gica a favor de sus hermanos.<\/p>\n\n\n\n<p class=\"wp-block-paragraph\">La Secretar\u00eda de Derechos Humanos, &nbsp;v\u00eda telef\u00f3nica recept\u00f3 informaci\u00f3n sobre el caso con la fiscal del cant\u00f3n la Troncal, Dra. Jenny V\u00e1squez, con la Coordinadora de la Junta Cantonal de Protecci\u00f3n de Derechos Dra. Sabina Godoy y con la Coordinadora del Departamento de Consejer\u00eda Estudiantil del Distrito de Educaci\u00f3n de la Troncal Psic. Educativa Ang\u00e9lica Bu\u00f1ay quienes respectivamente de acuerdo a sus competencias dispusieron las acciones y diligencias necesarias para efectuar la investigaci\u00f3n previa, proteger y garantizar los derechos de las presuntas v\u00edctimas, como es en el caso de educaci\u00f3n la Psic. Edu. Ang\u00e9lica Bu\u00f1ay se\u00f1al\u00f3 que: \u201clos adolescentes estan con tareas dirigidas en casa para lo cual sea coordinado con sus respectivos tutores de curso; de esta manera se garantiza el derecho a la educaci\u00f3n\u201d.<\/p>\n\n\n\n<p class=\"wp-block-paragraph\">Tambi\u00e9n se mantuvo una reuni\u00f3n con la Dra. Melania Cayamcela funcionaria del Servicio de Proteci\u00f3n a V\u00edctimas y Testigos quien manifest\u00f3 que: \u201cla mujer, junto a su hijo se encuentran domiciliados en otra provinciapara lo cual se remiti\u00f3 el proceso a la jurisdicci\u00f3n competente para su inmediata atenci\u00f3n\u201d.<\/p>\n\n\n\n<p class=\"wp-block-paragraph\">De igual manera en una reuni\u00f3n mantenida con la Lcda Luc\u00eda Neira funcionaria del Ministerio de Inclusion Econ\u00f3mica y Social, en el \u00e1rea de Protecci\u00f3n a V\u00edctimas comunic\u00f3 que: \u00a0\u00abse ha coordinado con el Ministerio de Salud P\u00fablica para que se brinde atenci\u00f3n m\u00e9dica a los adolescentes ya que se presume que padecen de tuberculosis\u201d<\/p>\n\n\n\n<p class=\"wp-block-paragraph\">La Secretar\u00eda de Derechos Humanos Zonal con el objetivo de garantizar los derechos de las presuntas v\u00edctimas emiti\u00f3 el respectivo informe para que la intervenga de manera inmediata para proteger, garantizar y restituir los derechos de los adolescentes.<\/p>\n","protected":false},"excerpt":{"rendered":"<p class=\"excerpt\">La Secretar\u00eda de Derechos Humanos, a trav\u00e9s del Servicio de Protecci\u00f3n Integral, se activ\u00f3 de manera inmediata ante un presunto delito de violaci\u00f3n cometido en contra de una mujer de 21 a\u00f1os de edad, quien permaneci\u00f3 encerrada \u00a0en la casa de su madrasta, durante 11 a\u00f1os y, fue presuntamente abusada sexualmente por el hermano de la misma. Producto de este&hellip; <a href=\"https:\/\/www.ministeriodegobierno.gob.ec\/derechoshumanos\/2022\/06\/17\/servicio-de-proteccion-integral-brinda-atencion-a-victima-de-presunto-delito-de-violacion-y-violencia-psicologica\/\">Read more &rarr;<\/a><\/p>\n","protected":false},"author":6,"featured_media":9958,"comment_status":"closed","ping_status":"closed","sticky":false,"template":"","format":"standard","meta":{"footnotes":""},"categories":[20,5,6],"tags":[],"class_list":["post-12904","post","type-post","status-publish","format-standard","has-post-thumbnail","hentry","category-boletin-de-prensa","category-noticias","category-noticias-destacadas","xfolkentry"],"_links":{"self":[{"href":"https:\/\/www.ministeriodegobierno.gob.ec\/derechoshumanos\/wp-json\/wp\/v2\/posts\/12904","targetHints":{"allow":["GET"]}}],"collection":[{"href":"https:\/\/www.ministeriodegobierno.gob.ec\/derechoshumanos\/wp-json\/wp\/v2\/posts"}],"about":[{"href":"https:\/\/www.ministeriodegobierno.gob.ec\/derechoshumanos\/wp-json\/wp\/v2\/types\/post"}],"author":[{"embeddable":true,"href":"https:\/\/www.ministeriodegobierno.gob.ec\/derechoshumanos\/wp-json\/wp\/v2\/users\/6"}],"replies":[{"embeddable":true,"href":"https:\/\/www.ministeriodegobierno.gob.ec\/derechoshumanos\/wp-json\/wp\/v2\/comments?post=12904"}],"version-history":[{"count":1,"href":"https:\/\/www.ministeriodegobierno.gob.ec\/derechoshumanos\/wp-json\/wp\/v2\/posts\/12904\/revisions"}],"predecessor-version":[{"id":12905,"href":"https:\/\/www.ministeriodegobierno.gob.ec\/derechoshumanos\/wp-json\/wp\/v2\/posts\/12904\/revisions\/12905"}],"wp:featuredmedia":[{"embeddable":true,"href":"https:\/\/www.ministeriodegobierno.gob.ec\/derechoshumanos\/wp-json\/wp\/v2\/media\/9958"}],"wp:attachment":[{"href":"https:\/\/www.ministeriodegobierno.gob.ec\/derechoshumanos\/wp-json\/wp\/v2\/media?parent=12904"}],"wp:term":[{"taxonomy":"category","embeddable":true,"href":"https:\/\/www.ministeriodegobierno.gob.ec\/derechoshumanos\/wp-json\/wp\/v2\/categories?post=12904"},{"taxonomy":"post_tag","embeddable":true,"href":"https:\/\/www.ministeriodegobierno.gob.ec\/derechoshumanos\/wp-json\/wp\/v2\/tags?post=12904"}],"curies":[{"name":"wp","href":"https:\/\/api.w.org\/{rel}","templated":true}]}}