{"id":12908,"date":"2022-06-21T11:48:52","date_gmt":"2022-06-21T16:48:52","guid":{"rendered":"https:\/\/www.derechoshumanos.gob.ec\/?p=12908"},"modified":"2022-06-21T12:48:37","modified_gmt":"2022-06-21T17:48:37","slug":"la-secretaria-de-derechos-humanos-hace-un-llamado-al-dialogo-para-mantener-una-convivencia-de-paz","status":"publish","type":"post","link":"https:\/\/www.ministeriodegobierno.gob.ec\/derechoshumanos\/2022\/06\/21\/la-secretaria-de-derechos-humanos-hace-un-llamado-al-dialogo-para-mantener-una-convivencia-de-paz\/","title":{"rendered":"La Secretar\u00eda de Derechos Humanos hace un llamado al di\u00e1logo para mantener una convivencia de paz"},"content":{"rendered":"\n<p class=\"wp-block-paragraph\"><\/p>\n\n\n\n<p class=\"wp-block-paragraph\"><strong>Quito, Ecuador.<\/strong>&#8211; La Secretar\u00eda de Derechos Humanos, consciente de la situaci\u00f3n actual que atraviesa el pa\u00eds por las manifestaciones, hace un llamado al di\u00e1logo y respeto los derechos humanos de todas las personas con la finalidad de lograr una convivencia de paz.<\/p>\n\n\n\n<p class=\"wp-block-paragraph\">En este marco, Paola Flores Jaramillo, Secretaria de Derechos Humanos, se\u00f1al\u00f3 que: \u201calgunas protestas buscan generar caos en la vida cotidiana, nosotros buscamos mayor democracia, mayores libertades, evitar desmanes, trabajar con tranquilidad\u201d.<\/p>\n\n\n\n<p class=\"wp-block-paragraph\">Desde esta instituci\u00f3n se solicit\u00f3 a organismos internacionales la implementaci\u00f3n de asistencia t\u00e9cnica para que apoyen la instalaci\u00f3n de mesas de di\u00e1logo y realicen el acompa\u00f1amiento para precautelar los derechos humanos en el marco de la protesta social, con la finalidad de cumplir con el respeto y la dignidad de las y los participantes en las movilizaciones.<\/p>\n\n\n\n<p class=\"wp-block-paragraph\">En el marco de la reuni\u00f3n mantenida el 20 de junio del presente a\u00f1o con Lena Savelli, Coordinadora Residente de Naciones Unidas en Ecuador; Esther Almeida, oficial de Planeaci\u00f3n Estrat\u00e9gica; Ignacio Roncagliolo, de la Unidad de Monitoreo de la Oficina del Alto Comisionado de las Naciones Unidas para los Derechos Humanos y delegados de Unicef, han mostrado su apertura para facilitar la asistencia t\u00e9cnica para conseguir un proceso de di\u00e1logo y fortalecimiento de la democracia en el Ecuador.<\/p>\n\n\n\n<p class=\"wp-block-paragraph\">El Gobierno Nacional busca la tranquilidad, armon\u00eda, dignidad y trabajo conjunto para continuar con la reactivaci\u00f3n econ\u00f3mica del Ecuador. El trabajo es un derecho humano importante en la vida cotidiana para el ejercicio de otros derechos y que debe ser respetado.<\/p>\n\n\n\n<p class=\"wp-block-paragraph\">Finalmente, es necesario recalcar que los caminos del di\u00e1logo son necesarios para llegar a una paz definitiva del pueblo para el pueblo.<\/p>\n\n\n\n<p class=\"wp-block-paragraph\"><\/p>\n\n\n\n<p class=\"wp-block-paragraph\"><\/p>\n\n\n\n<p class=\"wp-block-paragraph\"><\/p>\n\n\n\n<p class=\"wp-block-paragraph\"><\/p>\n\n\n\n<p class=\"wp-block-paragraph\"><\/p>\n","protected":false},"excerpt":{"rendered":"<p class=\"excerpt\">Quito, Ecuador.&#8211; La Secretar\u00eda de Derechos Humanos, consciente de la situaci\u00f3n actual que atraviesa el pa\u00eds por las manifestaciones, hace un llamado al di\u00e1logo y respeto los derechos humanos de todas las personas con la finalidad de lograr una convivencia de paz. En este marco, Paola Flores Jaramillo, Secretaria de Derechos Humanos, se\u00f1al\u00f3 que: \u201calgunas protestas buscan generar caos en&hellip; <a href=\"https:\/\/www.ministeriodegobierno.gob.ec\/derechoshumanos\/2022\/06\/21\/la-secretaria-de-derechos-humanos-hace-un-llamado-al-dialogo-para-mantener-una-convivencia-de-paz\/\">Read more &rarr;<\/a><\/p>\n","protected":false},"author":6,"featured_media":9958,"comment_status":"closed","ping_status":"closed","sticky":false,"template":"","format":"standard","meta":{"footnotes":""},"categories":[20,5,6],"tags":[],"class_list":["post-12908","post","type-post","status-publish","format-standard","has-post-thumbnail","hentry","category-boletin-de-prensa","category-noticias","category-noticias-destacadas","xfolkentry"],"_links":{"self":[{"href":"https:\/\/www.ministeriodegobierno.gob.ec\/derechoshumanos\/wp-json\/wp\/v2\/posts\/12908","targetHints":{"allow":["GET"]}}],"collection":[{"href":"https:\/\/www.ministeriodegobierno.gob.ec\/derechoshumanos\/wp-json\/wp\/v2\/posts"}],"about":[{"href":"https:\/\/www.ministeriodegobierno.gob.ec\/derechoshumanos\/wp-json\/wp\/v2\/types\/post"}],"author":[{"embeddable":true,"href":"https:\/\/www.ministeriodegobierno.gob.ec\/derechoshumanos\/wp-json\/wp\/v2\/users\/6"}],"replies":[{"embeddable":true,"href":"https:\/\/www.ministeriodegobierno.gob.ec\/derechoshumanos\/wp-json\/wp\/v2\/comments?post=12908"}],"version-history":[{"count":2,"href":"https:\/\/www.ministeriodegobierno.gob.ec\/derechoshumanos\/wp-json\/wp\/v2\/posts\/12908\/revisions"}],"predecessor-version":[{"id":12911,"href":"https:\/\/www.ministeriodegobierno.gob.ec\/derechoshumanos\/wp-json\/wp\/v2\/posts\/12908\/revisions\/12911"}],"wp:featuredmedia":[{"embeddable":true,"href":"https:\/\/www.ministeriodegobierno.gob.ec\/derechoshumanos\/wp-json\/wp\/v2\/media\/9958"}],"wp:attachment":[{"href":"https:\/\/www.ministeriodegobierno.gob.ec\/derechoshumanos\/wp-json\/wp\/v2\/media?parent=12908"}],"wp:term":[{"taxonomy":"category","embeddable":true,"href":"https:\/\/www.ministeriodegobierno.gob.ec\/derechoshumanos\/wp-json\/wp\/v2\/categories?post=12908"},{"taxonomy":"post_tag","embeddable":true,"href":"https:\/\/www.ministeriodegobierno.gob.ec\/derechoshumanos\/wp-json\/wp\/v2\/tags?post=12908"}],"curies":[{"name":"wp","href":"https:\/\/api.w.org\/{rel}","templated":true}]}}