{"id":12914,"date":"2022-06-22T18:28:01","date_gmt":"2022-06-22T23:28:01","guid":{"rendered":"https:\/\/www.derechoshumanos.gob.ec\/?p=12914"},"modified":"2022-06-22T18:28:02","modified_gmt":"2022-06-22T23:28:02","slug":"la-secretaria-de-derechos-humanos-represento-a-ecuador-en-audiencia-de-la-cidh-sobre-situacion-de-derechos-de-la-ninez-y-familias-lgbti","status":"publish","type":"post","link":"https:\/\/www.ministeriodegobierno.gob.ec\/derechoshumanos\/2022\/06\/22\/la-secretaria-de-derechos-humanos-represento-a-ecuador-en-audiencia-de-la-cidh-sobre-situacion-de-derechos-de-la-ninez-y-familias-lgbti\/","title":{"rendered":"La Secretar\u00eda de Derechos Humanos represent\u00f3 a Ecuador en audiencia de la CIDH sobre situaci\u00f3n de derechos de la ni\u00f1ez y familias LGBTI+"},"content":{"rendered":"\n<p class=\"wp-block-paragraph\">La Secretar\u00eda de Derechos Humanos represent\u00f3 al Estado ecuatoriano en la audiencia tem\u00e1tica convocada por la Comisi\u00f3n Interamericana de Derechos Humanos, durante el 184\u00b0 per\u00edodo de sesiones, para tratar cuestiones referentes a la \u201cSituaci\u00f3n de derechos de la ni\u00f1ez y familias LGBTI+ en Ecuador\u201d.<\/p>\n\n\n\n<p class=\"wp-block-paragraph\">El subsecretario de Diversidades, Alexander Guano, dio a conocer la gesti\u00f3n de la primera unidad administrativa enfocada en la promoci\u00f3n de derechos de la poblaci\u00f3n LGBTI+; y la prevenci\u00f3n y erradicaci\u00f3n de violencia hacia esta poblaci\u00f3n del Ecuador.<\/p>\n\n\n\n<p class=\"wp-block-paragraph\">Adem\u00e1s, se\u00f1al\u00f3 que esta cartera de Estado, en su calidad de rectora de la pol\u00edtica integral de erradicaci\u00f3n de todas las formas de violencia y discriminaci\u00f3n por orientaci\u00f3n sexual e identidad de g\u00e9nero, ha dise\u00f1ado una propuesta de Plan de Acci\u00f3n de Diversidades LGBTI+ 2022-2025 de manera participativa junto a organizaciones de la sociedad civil con asistencia t\u00e9cnica de la Organizaci\u00f3n Internacional de las Migraciones (OIM). Este Plan ser\u00e1 la primera herramienta de pol\u00edtica p\u00fablica que orienta el accionar del gobierno y de entidades de otras funciones del Estado hacia la igualdad y no discriminaci\u00f3n a las personas LGBTI+.<\/p>\n\n\n\n<p class=\"wp-block-paragraph\">Otra de las acciones desarrolladas fue la coordinaci\u00f3n interinstitucional con el Instituto Nacional de Estad\u00edsticas y Censos para garantizar la inclusi\u00f3n de la variable de orientaci\u00f3n sexual y\/o diversidad sexo gen\u00e9rica por primera vez en procesos estad\u00edsticos como: el octavo Censo de Poblaci\u00f3n y s\u00e9ptimo de Vivienda 2022; as\u00ed como, el Censo Penitenciario programados a realizarse en el \u00faltimo trimestre de este a\u00f1o.<\/p>\n\n\n\n<p class=\"wp-block-paragraph\">En una segunda parte de la exposici\u00f3n el Subsecretario dio respuesta a las alegaciones de las organizaciones: Fundaci\u00f3n PAKTA, Cl\u00ednica Jur\u00eddica USFQ, Instituto de Investigaci\u00f3n en Igualdad, G\u00e9nero y Derechos (INIGED), Fundaci\u00f3n Amor y Fortaleza, Fundaci\u00f3n Di\u00e1logo Diverso; y, Red de Litigantes LGBT, que plantean vulneraciones de derechos de la Ni\u00f1ez Trans e Intersex, y falta de protecci\u00f3n a familias LGBTI+ en Ecuador.<\/p>\n\n\n\n<p class=\"wp-block-paragraph\">En este marco, se\u00f1al\u00f3 que el Estado ecuatoriano acogi\u00f3 numerosas recomendaciones para proteger de forma efectiva los derechos de las personas LGBTI+, que figuran en el documento \u201cAvances y Desaf\u00edos hacia el reconocimiento de los derechos de las personas LGBTI en las Am\u00e9ricas\u201d, aprobado por la Comisi\u00f3n Interamericana de Derechos Humanos el 07 de diciembre de 2018.<br>Respetuosos de la independencia de las funciones del Estado, la Secretar\u00eda de Derechos Humanos, se mantiene vigilante al cumplimiento de las decisiones judiciales enmarcadas en la normativa nacional y est\u00e1ndares internacionales de Derechos Humanos, que tienen impacto directo, en el ejercicio igualitario de los derechos de las personas LGBTI+.<\/p>\n\n\n\n<p class=\"wp-block-paragraph\">Finalmente, recalc\u00f3 que la Secretar\u00eda de Derechos Humanos exhort\u00f3 a la Funci\u00f3n Legislativa a realizar, sin demora, las acciones correspondientes para implementar las sentencias emitidas por la Corte Constitucional que protegen los derechos humanos de la poblaci\u00f3n de la diversidad sexo- gen\u00e9rica.<\/p>\n","protected":false},"excerpt":{"rendered":"<p class=\"excerpt\">La Secretar\u00eda de Derechos Humanos represent\u00f3 al Estado ecuatoriano en la audiencia tem\u00e1tica convocada por la Comisi\u00f3n Interamericana de Derechos Humanos, durante el 184\u00b0 per\u00edodo de sesiones, para tratar cuestiones referentes a la \u201cSituaci\u00f3n de derechos de la ni\u00f1ez y familias LGBTI+ en Ecuador\u201d. El subsecretario de Diversidades, Alexander Guano, dio a conocer la gesti\u00f3n de la primera unidad administrativa&hellip; <a href=\"https:\/\/www.ministeriodegobierno.gob.ec\/derechoshumanos\/2022\/06\/22\/la-secretaria-de-derechos-humanos-represento-a-ecuador-en-audiencia-de-la-cidh-sobre-situacion-de-derechos-de-la-ninez-y-familias-lgbti\/\">Read more &rarr;<\/a><\/p>\n","protected":false},"author":6,"featured_media":12915,"comment_status":"closed","ping_status":"closed","sticky":false,"template":"","format":"standard","meta":{"footnotes":""},"categories":[20,5,6],"tags":[],"class_list":["post-12914","post","type-post","status-publish","format-standard","has-post-thumbnail","hentry","category-boletin-de-prensa","category-noticias","category-noticias-destacadas","xfolkentry"],"_links":{"self":[{"href":"https:\/\/www.ministeriodegobierno.gob.ec\/derechoshumanos\/wp-json\/wp\/v2\/posts\/12914","targetHints":{"allow":["GET"]}}],"collection":[{"href":"https:\/\/www.ministeriodegobierno.gob.ec\/derechoshumanos\/wp-json\/wp\/v2\/posts"}],"about":[{"href":"https:\/\/www.ministeriodegobierno.gob.ec\/derechoshumanos\/wp-json\/wp\/v2\/types\/post"}],"author":[{"embeddable":true,"href":"https:\/\/www.ministeriodegobierno.gob.ec\/derechoshumanos\/wp-json\/wp\/v2\/users\/6"}],"replies":[{"embeddable":true,"href":"https:\/\/www.ministeriodegobierno.gob.ec\/derechoshumanos\/wp-json\/wp\/v2\/comments?post=12914"}],"version-history":[{"count":1,"href":"https:\/\/www.ministeriodegobierno.gob.ec\/derechoshumanos\/wp-json\/wp\/v2\/posts\/12914\/revisions"}],"predecessor-version":[{"id":12916,"href":"https:\/\/www.ministeriodegobierno.gob.ec\/derechoshumanos\/wp-json\/wp\/v2\/posts\/12914\/revisions\/12916"}],"wp:featuredmedia":[{"embeddable":true,"href":"https:\/\/www.ministeriodegobierno.gob.ec\/derechoshumanos\/wp-json\/wp\/v2\/media\/12915"}],"wp:attachment":[{"href":"https:\/\/www.ministeriodegobierno.gob.ec\/derechoshumanos\/wp-json\/wp\/v2\/media?parent=12914"}],"wp:term":[{"taxonomy":"category","embeddable":true,"href":"https:\/\/www.ministeriodegobierno.gob.ec\/derechoshumanos\/wp-json\/wp\/v2\/categories?post=12914"},{"taxonomy":"post_tag","embeddable":true,"href":"https:\/\/www.ministeriodegobierno.gob.ec\/derechoshumanos\/wp-json\/wp\/v2\/tags?post=12914"}],"curies":[{"name":"wp","href":"https:\/\/api.w.org\/{rel}","templated":true}]}}