{"id":12934,"date":"2022-06-30T09:10:00","date_gmt":"2022-06-30T14:10:00","guid":{"rendered":"https:\/\/www.derechoshumanos.gob.ec\/?p=12934"},"modified":"2022-06-30T09:10:00","modified_gmt":"2022-06-30T14:10:00","slug":"la-secretaria-de-derechos-humanos-hace-un-llamado-a-parar-la-violencia-en-las-manifestaciones","status":"publish","type":"post","link":"https:\/\/www.ministeriodegobierno.gob.ec\/derechoshumanos\/2022\/06\/30\/la-secretaria-de-derechos-humanos-hace-un-llamado-a-parar-la-violencia-en-las-manifestaciones\/","title":{"rendered":"La Secretar\u00eda de Derechos Humanos hace un llamado a parar la violencia en las manifestaciones"},"content":{"rendered":"\n<p class=\"wp-block-paragraph\"><\/p>\n\n\n\n<p class=\"wp-block-paragraph\"><strong>Quito, Ecuador.- <\/strong>La Secretar\u00eda de Derechos Humanos hace un llamado para que no se realicen m\u00e1s actos de violencia que perjudiquen al pa\u00eds. Adem\u00e1s, exhorta a la funci\u00f3n judicial a investigar las causas de las muertes registradas durante las manifestaciones y todos los actos que hayan atentado contra los derechos humanos de las personas.<\/p>\n\n\n\n<p class=\"wp-block-paragraph\">Solicitamos respeto a los corredores humanitarios implementados en los alrededores de las zonas de paz y que se garantice la libre circulaci\u00f3n de las y los ciudadanos.<\/p>\n\n\n\n<p class=\"wp-block-paragraph\">Pedimos a las organizaciones que se encuentran manifest\u00e1ndose a que hagan uso del derecho a la protesta social en el marco de la ley, sin violencia, enfrentamientos y disturbios que solo ocasionan m\u00e1s da\u00f1o al pa\u00eds.<\/p>\n","protected":false},"excerpt":{"rendered":"<p class=\"excerpt\">Quito, Ecuador.- La Secretar\u00eda de Derechos Humanos hace un llamado para que no se realicen m\u00e1s actos de violencia que perjudiquen al pa\u00eds. Adem\u00e1s, exhorta a la funci\u00f3n judicial a investigar las causas de las muertes registradas durante las manifestaciones y todos los actos que hayan atentado contra los derechos humanos de las personas. Solicitamos respeto a los corredores humanitarios&hellip; <a href=\"https:\/\/www.ministeriodegobierno.gob.ec\/derechoshumanos\/2022\/06\/30\/la-secretaria-de-derechos-humanos-hace-un-llamado-a-parar-la-violencia-en-las-manifestaciones\/\">Read more &rarr;<\/a><\/p>\n","protected":false},"author":6,"featured_media":9958,"comment_status":"closed","ping_status":"closed","sticky":false,"template":"","format":"standard","meta":{"footnotes":""},"categories":[20,5,6],"tags":[],"class_list":["post-12934","post","type-post","status-publish","format-standard","has-post-thumbnail","hentry","category-boletin-de-prensa","category-noticias","category-noticias-destacadas","xfolkentry"],"_links":{"self":[{"href":"https:\/\/www.ministeriodegobierno.gob.ec\/derechoshumanos\/wp-json\/wp\/v2\/posts\/12934","targetHints":{"allow":["GET"]}}],"collection":[{"href":"https:\/\/www.ministeriodegobierno.gob.ec\/derechoshumanos\/wp-json\/wp\/v2\/posts"}],"about":[{"href":"https:\/\/www.ministeriodegobierno.gob.ec\/derechoshumanos\/wp-json\/wp\/v2\/types\/post"}],"author":[{"embeddable":true,"href":"https:\/\/www.ministeriodegobierno.gob.ec\/derechoshumanos\/wp-json\/wp\/v2\/users\/6"}],"replies":[{"embeddable":true,"href":"https:\/\/www.ministeriodegobierno.gob.ec\/derechoshumanos\/wp-json\/wp\/v2\/comments?post=12934"}],"version-history":[{"count":1,"href":"https:\/\/www.ministeriodegobierno.gob.ec\/derechoshumanos\/wp-json\/wp\/v2\/posts\/12934\/revisions"}],"predecessor-version":[{"id":12935,"href":"https:\/\/www.ministeriodegobierno.gob.ec\/derechoshumanos\/wp-json\/wp\/v2\/posts\/12934\/revisions\/12935"}],"wp:featuredmedia":[{"embeddable":true,"href":"https:\/\/www.ministeriodegobierno.gob.ec\/derechoshumanos\/wp-json\/wp\/v2\/media\/9958"}],"wp:attachment":[{"href":"https:\/\/www.ministeriodegobierno.gob.ec\/derechoshumanos\/wp-json\/wp\/v2\/media?parent=12934"}],"wp:term":[{"taxonomy":"category","embeddable":true,"href":"https:\/\/www.ministeriodegobierno.gob.ec\/derechoshumanos\/wp-json\/wp\/v2\/categories?post=12934"},{"taxonomy":"post_tag","embeddable":true,"href":"https:\/\/www.ministeriodegobierno.gob.ec\/derechoshumanos\/wp-json\/wp\/v2\/tags?post=12934"}],"curies":[{"name":"wp","href":"https:\/\/api.w.org\/{rel}","templated":true}]}}