{"id":12949,"date":"2022-06-30T17:04:21","date_gmt":"2022-06-30T22:04:21","guid":{"rendered":"https:\/\/www.derechoshumanos.gob.ec\/?p=12949"},"modified":"2022-07-05T08:53:03","modified_gmt":"2022-07-05T13:53:03","slug":"secretaria-de-derechos-humanos-garantiza-la-restitucion-de-derechos-a-menores-en-orfandad-a-causa-de-la-violencia-extrema","status":"publish","type":"post","link":"https:\/\/www.ministeriodegobierno.gob.ec\/derechoshumanos\/2022\/06\/30\/secretaria-de-derechos-humanos-garantiza-la-restitucion-de-derechos-a-menores-en-orfandad-a-causa-de-la-violencia-extrema\/","title":{"rendered":"Secretar\u00eda de Derechos Humanos garantiza la restituci\u00f3n de derechos a menores en orfandad a causa de la violencia extrema"},"content":{"rendered":"\n<p class=\"wp-block-paragraph\"><strong>Quevedo, Ecuador. &#8211;<\/strong> La Secretar\u00eda de Derechos Humanos convoc\u00f3 a instituciones del sistema de protecci\u00f3n para la conformaci\u00f3n del Comit\u00e9 de Respuesta Integral (CRI) para restituir derechos a menores que se encuentran en orfandad.<\/p>\n\n\n\n<p class=\"wp-block-paragraph\">El equipo t\u00e9cnico del Servicio de Protecci\u00f3n Integral brind\u00f3 acompa\u00f1amiento psicol\u00f3gico y legal a las v\u00edctimas desde las primeras horas del suceso ocurrido el pasado domingo 26 de junio en la parroquia El Guayac\u00e1n, sector 17 de marzo.<\/p>\n\n\n\n<p class=\"wp-block-paragraph\">En este marco, se dar\u00e1 seguimiento para el cumplimiento de los acuerdos y compromisos establecidos en la mesa de trabajo por las instituciones del sistema de protecci\u00f3n que asistieron a la convocatoria de conformaci\u00f3n del Comit\u00e9 de Respuesta Integral.<\/p>\n\n\n\n<p class=\"wp-block-paragraph\">La Secretar\u00eda de Derechos Humanos busca la restituci\u00f3n de derechos a menores de edad en estado de orfandad a causa de la violencia extrema, femicidio.<\/p>\n","protected":false},"excerpt":{"rendered":"<p class=\"excerpt\">Quevedo, Ecuador. &#8211; La Secretar\u00eda de Derechos Humanos convoc\u00f3 a instituciones del sistema de protecci\u00f3n para la conformaci\u00f3n del Comit\u00e9 de Respuesta Integral (CRI) para restituir derechos a menores que se encuentran en orfandad. El equipo t\u00e9cnico del Servicio de Protecci\u00f3n Integral brind\u00f3 acompa\u00f1amiento psicol\u00f3gico y legal a las v\u00edctimas desde las primeras horas del suceso ocurrido el pasado domingo&hellip; <a href=\"https:\/\/www.ministeriodegobierno.gob.ec\/derechoshumanos\/2022\/06\/30\/secretaria-de-derechos-humanos-garantiza-la-restitucion-de-derechos-a-menores-en-orfandad-a-causa-de-la-violencia-extrema\/\">Read more &rarr;<\/a><\/p>\n","protected":false},"author":6,"featured_media":12950,"comment_status":"closed","ping_status":"closed","sticky":false,"template":"","format":"standard","meta":{"footnotes":""},"categories":[20,5,6],"tags":[],"class_list":["post-12949","post","type-post","status-publish","format-standard","has-post-thumbnail","hentry","category-boletin-de-prensa","category-noticias","category-noticias-destacadas","xfolkentry"],"_links":{"self":[{"href":"https:\/\/www.ministeriodegobierno.gob.ec\/derechoshumanos\/wp-json\/wp\/v2\/posts\/12949","targetHints":{"allow":["GET"]}}],"collection":[{"href":"https:\/\/www.ministeriodegobierno.gob.ec\/derechoshumanos\/wp-json\/wp\/v2\/posts"}],"about":[{"href":"https:\/\/www.ministeriodegobierno.gob.ec\/derechoshumanos\/wp-json\/wp\/v2\/types\/post"}],"author":[{"embeddable":true,"href":"https:\/\/www.ministeriodegobierno.gob.ec\/derechoshumanos\/wp-json\/wp\/v2\/users\/6"}],"replies":[{"embeddable":true,"href":"https:\/\/www.ministeriodegobierno.gob.ec\/derechoshumanos\/wp-json\/wp\/v2\/comments?post=12949"}],"version-history":[{"count":2,"href":"https:\/\/www.ministeriodegobierno.gob.ec\/derechoshumanos\/wp-json\/wp\/v2\/posts\/12949\/revisions"}],"predecessor-version":[{"id":12952,"href":"https:\/\/www.ministeriodegobierno.gob.ec\/derechoshumanos\/wp-json\/wp\/v2\/posts\/12949\/revisions\/12952"}],"wp:featuredmedia":[{"embeddable":true,"href":"https:\/\/www.ministeriodegobierno.gob.ec\/derechoshumanos\/wp-json\/wp\/v2\/media\/12950"}],"wp:attachment":[{"href":"https:\/\/www.ministeriodegobierno.gob.ec\/derechoshumanos\/wp-json\/wp\/v2\/media?parent=12949"}],"wp:term":[{"taxonomy":"category","embeddable":true,"href":"https:\/\/www.ministeriodegobierno.gob.ec\/derechoshumanos\/wp-json\/wp\/v2\/categories?post=12949"},{"taxonomy":"post_tag","embeddable":true,"href":"https:\/\/www.ministeriodegobierno.gob.ec\/derechoshumanos\/wp-json\/wp\/v2\/tags?post=12949"}],"curies":[{"name":"wp","href":"https:\/\/api.w.org\/{rel}","templated":true}]}}