{"id":12953,"date":"2022-07-01T16:18:25","date_gmt":"2022-07-01T21:18:25","guid":{"rendered":"https:\/\/www.derechoshumanos.gob.ec\/?p=12953"},"modified":"2022-07-01T16:18:26","modified_gmt":"2022-07-01T21:18:26","slug":"la-secretaria-de-derechos-humanos-desarrollo-talleres-sobre-masculinidades-positivas-y-prevencion-de-la-violencia-de-genero-en-manabi","status":"publish","type":"post","link":"https:\/\/www.ministeriodegobierno.gob.ec\/derechoshumanos\/2022\/07\/01\/la-secretaria-de-derechos-humanos-desarrollo-talleres-sobre-masculinidades-positivas-y-prevencion-de-la-violencia-de-genero-en-manabi\/","title":{"rendered":"La Secretar\u00eda de Derechos Humanos desarroll\u00f3 talleres sobre masculinidades positivas y prevenci\u00f3n de la violencia de g\u00e9nero en Manab\u00ed"},"content":{"rendered":"\n<p class=\"wp-block-paragraph\"><\/p>\n\n\n\n<p class=\"wp-block-paragraph\">La Secretar\u00eda de Derechos Humanos, a trav\u00e9s de sus equipos t\u00e9cnicos y en coordinaci\u00f3n con el Ministerio de Desarrollo Urbano y Vivienda (MIDUVI), imparti\u00f3, durante el mes de junio, un taller de sensibilizaci\u00f3n dirigido a las poblaciones de: Calceta, Bah\u00eda de Car\u00e1quez y Rocafuerte.<\/p>\n\n\n\n<p class=\"wp-block-paragraph\">El objetivo de la capacitaci\u00f3n fue informar y sensibilizar a los asistentes sobre la prevenci\u00f3n y erradicaci\u00f3n de la violencia de g\u00e9nero. En este sentido, la tem\u00e1tica tratada con las mujeres se enfoc\u00f3 en trabajar temas de: autoestima, valoraci\u00f3n personal y auto reconocimiento. Otro de los componentes, dirigido a los hombres, se centr\u00f3 en un di\u00e1logo sobre nuevas masculinidades hegem\u00f3nicas y no violentas.<\/p>\n\n\n\n<p class=\"wp-block-paragraph\">Juan Carlos Pe\u00f1afiel, coordinador de la Oficina T\u00e9cnica Zonal 4, mencion\u00f3: \u201c<em>Con la realizaci\u00f3n de estos talleres de sensibilizaci\u00f3n avanzamos en el fortalecimiento de hombres y mujeres que habitan en estos conjuntos habitacionales para continuar brindando temas relacionados sobre violencia g\u00e9nero a fin de prevenirla y erradicarla a trav\u00e9s del trabajo conjunto\u201d.<\/em><\/p>\n\n\n\n<p class=\"wp-block-paragraph\">El taller, que cont\u00f3 con la participaci\u00f3n de 68 personas, concluy\u00f3 con el compromiso individual de la comunidad para generar trabajo igualitario en el hogar, respeto y amor propio entre las familias.<\/p>\n\n\n\n<p class=\"wp-block-paragraph\">Esta Cartera de Estado continuar\u00e1 impartiendo charlas de sensibilizaci\u00f3n hasta el mes de octubre del presente a\u00f1o con el objetivo de formar un grupo de apoyo y replicar los talleres en cada una de las comunidades de la zona.<\/p>\n","protected":false},"excerpt":{"rendered":"<p class=\"excerpt\">La Secretar\u00eda de Derechos Humanos, a trav\u00e9s de sus equipos t\u00e9cnicos y en coordinaci\u00f3n con el Ministerio de Desarrollo Urbano y Vivienda (MIDUVI), imparti\u00f3, durante el mes de junio, un taller de sensibilizaci\u00f3n dirigido a las poblaciones de: Calceta, Bah\u00eda de Car\u00e1quez y Rocafuerte. El objetivo de la capacitaci\u00f3n fue informar y sensibilizar a los asistentes sobre la prevenci\u00f3n y&hellip; <a href=\"https:\/\/www.ministeriodegobierno.gob.ec\/derechoshumanos\/2022\/07\/01\/la-secretaria-de-derechos-humanos-desarrollo-talleres-sobre-masculinidades-positivas-y-prevencion-de-la-violencia-de-genero-en-manabi\/\">Read more &rarr;<\/a><\/p>\n","protected":false},"author":6,"featured_media":12954,"comment_status":"closed","ping_status":"closed","sticky":false,"template":"","format":"standard","meta":{"footnotes":""},"categories":[20,5,6],"tags":[],"class_list":["post-12953","post","type-post","status-publish","format-standard","has-post-thumbnail","hentry","category-boletin-de-prensa","category-noticias","category-noticias-destacadas","xfolkentry"],"_links":{"self":[{"href":"https:\/\/www.ministeriodegobierno.gob.ec\/derechoshumanos\/wp-json\/wp\/v2\/posts\/12953","targetHints":{"allow":["GET"]}}],"collection":[{"href":"https:\/\/www.ministeriodegobierno.gob.ec\/derechoshumanos\/wp-json\/wp\/v2\/posts"}],"about":[{"href":"https:\/\/www.ministeriodegobierno.gob.ec\/derechoshumanos\/wp-json\/wp\/v2\/types\/post"}],"author":[{"embeddable":true,"href":"https:\/\/www.ministeriodegobierno.gob.ec\/derechoshumanos\/wp-json\/wp\/v2\/users\/6"}],"replies":[{"embeddable":true,"href":"https:\/\/www.ministeriodegobierno.gob.ec\/derechoshumanos\/wp-json\/wp\/v2\/comments?post=12953"}],"version-history":[{"count":1,"href":"https:\/\/www.ministeriodegobierno.gob.ec\/derechoshumanos\/wp-json\/wp\/v2\/posts\/12953\/revisions"}],"predecessor-version":[{"id":12955,"href":"https:\/\/www.ministeriodegobierno.gob.ec\/derechoshumanos\/wp-json\/wp\/v2\/posts\/12953\/revisions\/12955"}],"wp:featuredmedia":[{"embeddable":true,"href":"https:\/\/www.ministeriodegobierno.gob.ec\/derechoshumanos\/wp-json\/wp\/v2\/media\/12954"}],"wp:attachment":[{"href":"https:\/\/www.ministeriodegobierno.gob.ec\/derechoshumanos\/wp-json\/wp\/v2\/media?parent=12953"}],"wp:term":[{"taxonomy":"category","embeddable":true,"href":"https:\/\/www.ministeriodegobierno.gob.ec\/derechoshumanos\/wp-json\/wp\/v2\/categories?post=12953"},{"taxonomy":"post_tag","embeddable":true,"href":"https:\/\/www.ministeriodegobierno.gob.ec\/derechoshumanos\/wp-json\/wp\/v2\/tags?post=12953"}],"curies":[{"name":"wp","href":"https:\/\/api.w.org\/{rel}","templated":true}]}}